{"id":1078,"date":"2021-11-01T17:41:15","date_gmt":"2021-11-01T17:41:15","guid":{"rendered":"https:\/\/zwischenraum-rheydt.de\/?p=1078"},"modified":"2022-01-27T16:26:45","modified_gmt":"2022-01-27T16:26:45","slug":"vokus-vorst-2021","status":"publish","type":"post","link":"https:\/\/zwischenraum-rheydt.de\/index.php\/2021\/11\/01\/vokus-vorst-2021\/","title":{"rendered":"Vokus Vorst 2021"},"content":{"rendered":"\n<p>Die Br\u00fccke zwischen Kunstschaffenden und Kunstinteressierten aus M\u00f6nchengladbach, Rheydt, dem Niederrhein und weit dar\u00fcber hinaus funktioniert. F\u00fcnf Damen der K\u00fcnstlergruppe Vokus Vorst stellen wieder bei uns aus.<\/p>\n\n\n\n<hr class=\"wp-block-separator\"\/>\n\n\n\n<figure class=\"wp-block-image size-large\"><img loading=\"lazy\" width=\"1024\" height=\"1024\" src=\"https:\/\/zwischenraum-rheydt.de\/wp-content\/uploads\/2021\/11\/vokusvorst-vor-mads-1024x1024.jpg\" alt=\"\" class=\"wp-image-1079\" srcset=\"https:\/\/zwischenraum-rheydt.de\/wp-content\/uploads\/2021\/11\/vokusvorst-vor-mads-1024x1024.jpg 1024w, https:\/\/zwischenraum-rheydt.de\/wp-content\/uploads\/2021\/11\/vokusvorst-vor-mads-300x300.jpg 300w, https:\/\/zwischenraum-rheydt.de\/wp-content\/uploads\/2021\/11\/vokusvorst-vor-mads-150x150.jpg 150w, https:\/\/zwischenraum-rheydt.de\/wp-content\/uploads\/2021\/11\/vokusvorst-vor-mads-768x768.jpg 768w, https:\/\/zwischenraum-rheydt.de\/wp-content\/uploads\/2021\/11\/vokusvorst-vor-mads-50x50.jpg 50w, https:\/\/zwischenraum-rheydt.de\/wp-content\/uploads\/2021\/11\/vokusvorst-vor-mads.jpg 1493w\" sizes=\"(max-width: 1024px) 100vw, 1024px\" \/><figcaption>Wally Althoff, Ulrike Wiesemann, Renate Siems, Karen Kneer, Uschi Bolten<\/figcaption><\/figure>\n\n\n\n<p>So viel Wertsch\u00e4tzung, und dies gepaart mit der notwendigen Portion Selbstbewusstsein w\u00fcnschten wir uns immer: Unsere n\u00e4chsten Ausstellerinnen &#8211; Mitglieder der K\u00fcnstlergruppe Vokus Vorst &#8211; k\u00fcndigten ihre Ausstellung f\u00fcr November\/Dezember 2021 im ZWISCHENRAUM ganz bewusst vor einem Werk von Mads Svendsen-Merbeth, dem K\u00fcnstler der Oktober-Ausstellung an &#8230; <\/p>\n\n\n\n<p>Die f\u00fcnf Mitglieder von Vokus Vorst, der K\u00fcnstlergruppe vom Niederrhein haben eine neue Auswahl von Werken f\u00fcr eine ansprechende Gemeinschafts-Ausstellung in unseren R\u00e4umen zusammengestellt. <\/p>\n\n\n\n<p>Vokus Vorst wurde 2012 gegr\u00fcndet und besteht insgesamt aus zehn Kunstschaffenden, die mit verschiedenen Ausstellungen in der Region (Nassauer Stall, Schloss Wickrath \/ ZWISCHENRAUM Rheydt \/ Kunst mit Rheinblick, Krefeld \/ Kunst am Gartenzaun, Grefrath) immer wieder gro\u00dfen Besucheranklang fanden.<\/p>\n\n\n\n<hr class=\"wp-block-separator\"\/>\n\n\n\n<figure class=\"wp-container-2 wp-block-gallery-1 wp-block-gallery columns-0 is-cropped\"><ul class=\"blocks-gallery-grid\"><\/ul><\/figure>\n\n\n\n<p>aktuelle Fotos folgen<\/p>\n\n\n\n<hr class=\"wp-block-separator\"\/>\n\n\n\n<p>Die Gemeinsamkeit der K\u00fcnstlergruppe liegt im individuellen Umgang mit altbew\u00e4hrten Maltechniken und neuen experimentellen Technologien. Freut Euch mit uns und besucht die neue Verkaufsausstellung in unseren R\u00e4umen.  Die Kunstschaffenden laden alle Kunstinteressierten ein und freuen sich auf pers\u00f6nliche Gespr\u00e4che.  <\/p>\n\n\n\n<hr class=\"wp-block-separator\"\/>\n\n\n\n<p><\/p>\n\n\n\n<figure class=\"wp-container-4 wp-block-gallery-3 wp-block-gallery columns-0 is-cropped\"><ul class=\"blocks-gallery-grid\"><\/ul><\/figure>\n\n\n\n<p> aktuelle Fotos folgen <\/p>\n\n\n\n<hr class=\"wp-block-separator\"\/>\n","protected":false},"excerpt":{"rendered":"<p>Die Br\u00fccke zwischen Kunstschaffenden und Kunstinteressierten aus M\u00f6nchengladbach, Rheydt, dem Niederrhein und weit dar\u00fcber hinaus funktioniert. F\u00fcnf Damen der K\u00fcnstlergruppe Vokus Vorst stellen wieder bei uns aus. So viel Wertsch\u00e4tzung, und dies gepaart mit der notwendigen Portion Selbstbewusstsein w\u00fcnschten wir&hellip; <a href=\"https:\/\/zwischenraum-rheydt.de\/index.php\/2021\/11\/01\/vokus-vorst-2021\/\" class=\"more-link\">Weiterlesen <span class=\"meta-nav\">&rarr;<\/span><\/a><\/p>\n","protected":false},"author":1,"featured_media":0,"comment_status":"closed","ping_status":"open","sticky":false,"template":"","format":"standard","meta":[],"categories":[7,14,6,4],"tags":[],"yoast_head":"<!-- This site is optimized with the Yoast SEO plugin v19.3 - https:\/\/yoast.com\/wordpress\/plugins\/seo\/ -->\n<title>Vokus Vorst 2021 - Zwischenraum Rheydt<\/title>\n<meta name=\"robots\" content=\"index, follow, max-snippet:-1, max-image-preview:large, max-video-preview:-1\" \/>\n<link rel=\"canonical\" href=\"https:\/\/zwischenraum-rheydt.de\/index.php\/2021\/11\/01\/vokus-vorst-2021\/\" \/>\n<meta property=\"og:locale\" content=\"de_DE\" \/>\n<meta property=\"og:type\" content=\"article\" \/>\n<meta property=\"og:title\" content=\"Vokus Vorst 2021 - Zwischenraum Rheydt\" \/>\n<meta property=\"og:description\" content=\"Die Br\u00fccke zwischen Kunstschaffenden und Kunstinteressierten aus M\u00f6nchengladbach, Rheydt, dem Niederrhein und weit dar\u00fcber hinaus funktioniert. F\u00fcnf Damen der K\u00fcnstlergruppe Vokus Vorst stellen wieder bei uns aus. So viel Wertsch\u00e4tzung, und dies gepaart mit der notwendigen Portion Selbstbewusstsein w\u00fcnschten wir&hellip; Weiterlesen &rarr;\" \/>\n<meta property=\"og:url\" content=\"https:\/\/zwischenraum-rheydt.de\/index.php\/2021\/11\/01\/vokus-vorst-2021\/\" \/>\n<meta property=\"og:site_name\" content=\"Zwischenraum Rheydt\" \/>\n<meta property=\"article:published_time\" content=\"2021-11-01T17:41:15+00:00\" \/>\n<meta property=\"article:modified_time\" content=\"2022-01-27T16:26:45+00:00\" \/>\n<meta property=\"og:image\" content=\"https:\/\/zwischenraum-rheydt.de\/wp-content\/uploads\/2021\/11\/vokusvorst-vor-mads-1024x1024.jpg\" \/>\n<meta name=\"author\" content=\"Uli\" \/>\n<meta name=\"twitter:card\" content=\"summary_large_image\" \/>\n<meta name=\"twitter:label1\" content=\"Verfasst von\" \/>\n\t<meta name=\"twitter:data1\" content=\"Uli\" \/>\n\t<meta name=\"twitter:label2\" content=\"Gesch\u00e4tzte Lesezeit\" \/>\n\t<meta name=\"twitter:data2\" content=\"1\u00a0Minute\" \/>\n<script type=\"application\/ld+json\" class=\"yoast-schema-graph\">{\"@context\":\"https:\/\/schema.org\",\"@graph\":[{\"@type\":\"Organization\",\"@id\":\"https:\/\/zwischenraum-rheydt.de\/#organization\",\"name\":\"matchingGenerations GmbH & Co. KG\",\"url\":\"https:\/\/zwischenraum-rheydt.de\/\",\"sameAs\":[],\"logo\":{\"@type\":\"ImageObject\",\"inLanguage\":\"de\",\"@id\":\"https:\/\/zwischenraum-rheydt.de\/#\/schema\/logo\/image\/\",\"url\":\"https:\/\/zwischenraum-rheydt.de\/wp-content\/uploads\/2020\/01\/logo-zr-neu.png\",\"contentUrl\":\"https:\/\/zwischenraum-rheydt.de\/wp-content\/uploads\/2020\/01\/logo-zr-neu.png\",\"width\":975,\"height\":319,\"caption\":\"matchingGenerations GmbH & Co. KG\"},\"image\":{\"@id\":\"https:\/\/zwischenraum-rheydt.de\/#\/schema\/logo\/image\/\"}},{\"@type\":\"WebSite\",\"@id\":\"https:\/\/zwischenraum-rheydt.de\/#website\",\"url\":\"https:\/\/zwischenraum-rheydt.de\/\",\"name\":\"Zwischenraum Rheydt\",\"description\":\"\",\"publisher\":{\"@id\":\"https:\/\/zwischenraum-rheydt.de\/#organization\"},\"potentialAction\":[{\"@type\":\"SearchAction\",\"target\":{\"@type\":\"EntryPoint\",\"urlTemplate\":\"https:\/\/zwischenraum-rheydt.de\/?s={search_term_string}\"},\"query-input\":\"required name=search_term_string\"}],\"inLanguage\":\"de\"},{\"@type\":\"ImageObject\",\"inLanguage\":\"de\",\"@id\":\"https:\/\/zwischenraum-rheydt.de\/index.php\/2021\/11\/01\/vokus-vorst-2021\/#primaryimage\",\"url\":\"https:\/\/zwischenraum-rheydt.de\/wp-content\/uploads\/2021\/11\/vokusvorst-vor-mads.jpg\",\"contentUrl\":\"https:\/\/zwischenraum-rheydt.de\/wp-content\/uploads\/2021\/11\/vokusvorst-vor-mads.jpg\",\"width\":1493,\"height\":1493},{\"@type\":\"WebPage\",\"@id\":\"https:\/\/zwischenraum-rheydt.de\/index.php\/2021\/11\/01\/vokus-vorst-2021\/\",\"url\":\"https:\/\/zwischenraum-rheydt.de\/index.php\/2021\/11\/01\/vokus-vorst-2021\/\",\"name\":\"Vokus Vorst 2021 - Zwischenraum Rheydt\",\"isPartOf\":{\"@id\":\"https:\/\/zwischenraum-rheydt.de\/#website\"},\"primaryImageOfPage\":{\"@id\":\"https:\/\/zwischenraum-rheydt.de\/index.php\/2021\/11\/01\/vokus-vorst-2021\/#primaryimage\"},\"datePublished\":\"2021-11-01T17:41:15+00:00\",\"dateModified\":\"2022-01-27T16:26:45+00:00\",\"breadcrumb\":{\"@id\":\"https:\/\/zwischenraum-rheydt.de\/index.php\/2021\/11\/01\/vokus-vorst-2021\/#breadcrumb\"},\"inLanguage\":\"de\",\"potentialAction\":[{\"@type\":\"ReadAction\",\"target\":[\"https:\/\/zwischenraum-rheydt.de\/index.php\/2021\/11\/01\/vokus-vorst-2021\/\"]}]},{\"@type\":\"BreadcrumbList\",\"@id\":\"https:\/\/zwischenraum-rheydt.de\/index.php\/2021\/11\/01\/vokus-vorst-2021\/#breadcrumb\",\"itemListElement\":[{\"@type\":\"ListItem\",\"position\":1,\"name\":\"Startseite\",\"item\":\"https:\/\/zwischenraum-rheydt.de\/\"},{\"@type\":\"ListItem\",\"position\":2,\"name\":\"Vokus Vorst 2021\"}]},{\"@type\":\"Article\",\"@id\":\"https:\/\/zwischenraum-rheydt.de\/index.php\/2021\/11\/01\/vokus-vorst-2021\/#article\",\"isPartOf\":{\"@id\":\"https:\/\/zwischenraum-rheydt.de\/index.php\/2021\/11\/01\/vokus-vorst-2021\/\"},\"author\":{\"name\":\"Uli\",\"@id\":\"https:\/\/zwischenraum-rheydt.de\/#\/schema\/person\/a0c45394a1171802d95fde8f65fa7048\"},\"headline\":\"Vokus Vorst 2021\",\"datePublished\":\"2021-11-01T17:41:15+00:00\",\"dateModified\":\"2022-01-27T16:26:45+00:00\",\"mainEntityOfPage\":{\"@id\":\"https:\/\/zwischenraum-rheydt.de\/index.php\/2021\/11\/01\/vokus-vorst-2021\/\"},\"wordCount\":213,\"publisher\":{\"@id\":\"https:\/\/zwischenraum-rheydt.de\/#organization\"},\"image\":{\"@id\":\"https:\/\/zwischenraum-rheydt.de\/index.php\/2021\/11\/01\/vokus-vorst-2021\/#primaryimage\"},\"thumbnailUrl\":\"https:\/\/zwischenraum-rheydt.de\/wp-content\/uploads\/2021\/11\/vokusvorst-vor-mads-1024x1024.jpg\",\"articleSection\":[\"Kunst\",\"Portfolio\",\"R\u00e4ume auf Zeit\",\"R\u00fcckblick\"],\"inLanguage\":\"de\"},{\"@type\":\"Person\",\"@id\":\"https:\/\/zwischenraum-rheydt.de\/#\/schema\/person\/a0c45394a1171802d95fde8f65fa7048\",\"name\":\"Uli\",\"image\":{\"@type\":\"ImageObject\",\"inLanguage\":\"de\",\"@id\":\"https:\/\/zwischenraum-rheydt.de\/#\/schema\/person\/image\/\",\"url\":\"https:\/\/secure.gravatar.com\/avatar\/8e0dfd77860e139bb67016e4d7c30a77?s=96&d=mm&r=g\",\"contentUrl\":\"https:\/\/secure.gravatar.com\/avatar\/8e0dfd77860e139bb67016e4d7c30a77?s=96&d=mm&r=g\",\"caption\":\"Uli\"}}]}<\/script>\n<!-- \/ Yoast SEO plugin. -->","yoast_head_json":{"title":"Vokus Vorst 2021 - Zwischenraum Rheydt","robots":{"index":"index","follow":"follow","max-snippet":"max-snippet:-1","max-image-preview":"max-image-preview:large","max-video-preview":"max-video-preview:-1"},"canonical":"https:\/\/zwischenraum-rheydt.de\/index.php\/2021\/11\/01\/vokus-vorst-2021\/","og_locale":"de_DE","og_type":"article","og_title":"Vokus Vorst 2021 - Zwischenraum Rheydt","og_description":"Die Br\u00fccke zwischen Kunstschaffenden und Kunstinteressierten aus M\u00f6nchengladbach, Rheydt, dem Niederrhein und weit dar\u00fcber hinaus funktioniert. F\u00fcnf Damen der K\u00fcnstlergruppe Vokus Vorst stellen wieder bei uns aus. So viel Wertsch\u00e4tzung, und dies gepaart mit der notwendigen Portion Selbstbewusstsein w\u00fcnschten wir&hellip; Weiterlesen &rarr;","og_url":"https:\/\/zwischenraum-rheydt.de\/index.php\/2021\/11\/01\/vokus-vorst-2021\/","og_site_name":"Zwischenraum Rheydt","article_published_time":"2021-11-01T17:41:15+00:00","article_modified_time":"2022-01-27T16:26:45+00:00","og_image":[{"url":"https:\/\/zwischenraum-rheydt.de\/wp-content\/uploads\/2021\/11\/vokusvorst-vor-mads-1024x1024.jpg"}],"author":"Uli","twitter_card":"summary_large_image","twitter_misc":{"Verfasst von":"Uli","Gesch\u00e4tzte Lesezeit":"1\u00a0Minute"},"schema":{"@context":"https:\/\/schema.org","@graph":[{"@type":"Organization","@id":"https:\/\/zwischenraum-rheydt.de\/#organization","name":"matchingGenerations GmbH & Co. KG","url":"https:\/\/zwischenraum-rheydt.de\/","sameAs":[],"logo":{"@type":"ImageObject","inLanguage":"de","@id":"https:\/\/zwischenraum-rheydt.de\/#\/schema\/logo\/image\/","url":"https:\/\/zwischenraum-rheydt.de\/wp-content\/uploads\/2020\/01\/logo-zr-neu.png","contentUrl":"https:\/\/zwischenraum-rheydt.de\/wp-content\/uploads\/2020\/01\/logo-zr-neu.png","width":975,"height":319,"caption":"matchingGenerations GmbH & Co. KG"},"image":{"@id":"https:\/\/zwischenraum-rheydt.de\/#\/schema\/logo\/image\/"}},{"@type":"WebSite","@id":"https:\/\/zwischenraum-rheydt.de\/#website","url":"https:\/\/zwischenraum-rheydt.de\/","name":"Zwischenraum Rheydt","description":"","publisher":{"@id":"https:\/\/zwischenraum-rheydt.de\/#organization"},"potentialAction":[{"@type":"SearchAction","target":{"@type":"EntryPoint","urlTemplate":"https:\/\/zwischenraum-rheydt.de\/?s={search_term_string}"},"query-input":"required name=search_term_string"}],"inLanguage":"de"},{"@type":"ImageObject","inLanguage":"de","@id":"https:\/\/zwischenraum-rheydt.de\/index.php\/2021\/11\/01\/vokus-vorst-2021\/#primaryimage","url":"https:\/\/zwischenraum-rheydt.de\/wp-content\/uploads\/2021\/11\/vokusvorst-vor-mads.jpg","contentUrl":"https:\/\/zwischenraum-rheydt.de\/wp-content\/uploads\/2021\/11\/vokusvorst-vor-mads.jpg","width":1493,"height":1493},{"@type":"WebPage","@id":"https:\/\/zwischenraum-rheydt.de\/index.php\/2021\/11\/01\/vokus-vorst-2021\/","url":"https:\/\/zwischenraum-rheydt.de\/index.php\/2021\/11\/01\/vokus-vorst-2021\/","name":"Vokus Vorst 2021 - Zwischenraum Rheydt","isPartOf":{"@id":"https:\/\/zwischenraum-rheydt.de\/#website"},"primaryImageOfPage":{"@id":"https:\/\/zwischenraum-rheydt.de\/index.php\/2021\/11\/01\/vokus-vorst-2021\/#primaryimage"},"datePublished":"2021-11-01T17:41:15+00:00","dateModified":"2022-01-27T16:26:45+00:00","breadcrumb":{"@id":"https:\/\/zwischenraum-rheydt.de\/index.php\/2021\/11\/01\/vokus-vorst-2021\/#breadcrumb"},"inLanguage":"de","potentialAction":[{"@type":"ReadAction","target":["https:\/\/zwischenraum-rheydt.de\/index.php\/2021\/11\/01\/vokus-vorst-2021\/"]}]},{"@type":"BreadcrumbList","@id":"https:\/\/zwischenraum-rheydt.de\/index.php\/2021\/11\/01\/vokus-vorst-2021\/#breadcrumb","itemListElement":[{"@type":"ListItem","position":1,"name":"Startseite","item":"https:\/\/zwischenraum-rheydt.de\/"},{"@type":"ListItem","position":2,"name":"Vokus Vorst 2021"}]},{"@type":"Article","@id":"https:\/\/zwischenraum-rheydt.de\/index.php\/2021\/11\/01\/vokus-vorst-2021\/#article","isPartOf":{"@id":"https:\/\/zwischenraum-rheydt.de\/index.php\/2021\/11\/01\/vokus-vorst-2021\/"},"author":{"name":"Uli","@id":"https:\/\/zwischenraum-rheydt.de\/#\/schema\/person\/a0c45394a1171802d95fde8f65fa7048"},"headline":"Vokus Vorst 2021","datePublished":"2021-11-01T17:41:15+00:00","dateModified":"2022-01-27T16:26:45+00:00","mainEntityOfPage":{"@id":"https:\/\/zwischenraum-rheydt.de\/index.php\/2021\/11\/01\/vokus-vorst-2021\/"},"wordCount":213,"publisher":{"@id":"https:\/\/zwischenraum-rheydt.de\/#organization"},"image":{"@id":"https:\/\/zwischenraum-rheydt.de\/index.php\/2021\/11\/01\/vokus-vorst-2021\/#primaryimage"},"thumbnailUrl":"https:\/\/zwischenraum-rheydt.de\/wp-content\/uploads\/2021\/11\/vokusvorst-vor-mads-1024x1024.jpg","articleSection":["Kunst","Portfolio","R\u00e4ume auf Zeit","R\u00fcckblick"],"inLanguage":"de"},{"@type":"Person","@id":"https:\/\/zwischenraum-rheydt.de\/#\/schema\/person\/a0c45394a1171802d95fde8f65fa7048","name":"Uli","image":{"@type":"ImageObject","inLanguage":"de","@id":"https:\/\/zwischenraum-rheydt.de\/#\/schema\/person\/image\/","url":"https:\/\/secure.gravatar.com\/avatar\/8e0dfd77860e139bb67016e4d7c30a77?s=96&d=mm&r=g","contentUrl":"https:\/\/secure.gravatar.com\/avatar\/8e0dfd77860e139bb67016e4d7c30a77?s=96&d=mm&r=g","caption":"Uli"}}]}},"_links":{"self":[{"href":"https:\/\/zwischenraum-rheydt.de\/index.php\/wp-json\/wp\/v2\/posts\/1078"}],"collection":[{"href":"https:\/\/zwischenraum-rheydt.de\/index.php\/wp-json\/wp\/v2\/posts"}],"about":[{"href":"https:\/\/zwischenraum-rheydt.de\/index.php\/wp-json\/wp\/v2\/types\/post"}],"author":[{"embeddable":true,"href":"https:\/\/zwischenraum-rheydt.de\/index.php\/wp-json\/wp\/v2\/users\/1"}],"replies":[{"embeddable":true,"href":"https:\/\/zwischenraum-rheydt.de\/index.php\/wp-json\/wp\/v2\/comments?post=1078"}],"version-history":[{"count":2,"href":"https:\/\/zwischenraum-rheydt.de\/index.php\/wp-json\/wp\/v2\/posts\/1078\/revisions"}],"predecessor-version":[{"id":1081,"href":"https:\/\/zwischenraum-rheydt.de\/index.php\/wp-json\/wp\/v2\/posts\/1078\/revisions\/1081"}],"wp:attachment":[{"href":"https:\/\/zwischenraum-rheydt.de\/index.php\/wp-json\/wp\/v2\/media?parent=1078"}],"wp:term":[{"taxonomy":"category","embeddable":true,"href":"https:\/\/zwischenraum-rheydt.de\/index.php\/wp-json\/wp\/v2\/categories?post=1078"},{"taxonomy":"post_tag","embeddable":true,"href":"https:\/\/zwischenraum-rheydt.de\/index.php\/wp-json\/wp\/v2\/tags?post=1078"}],"curies":[{"name":"wp","href":"https:\/\/api.w.org\/{rel}","templated":true}]}}