{"id":1087,"date":"2022-01-27T16:25:48","date_gmt":"2022-01-27T16:25:48","guid":{"rendered":"https:\/\/zwischenraum-rheydt.de\/?p=1087"},"modified":"2022-05-22T08:11:22","modified_gmt":"2022-05-22T08:11:22","slug":"reise-welten","status":"publish","type":"post","link":"https:\/\/zwischenraum-rheydt.de\/index.php\/2022\/01\/27\/reise-welten\/","title":{"rendered":"Reise-Welten"},"content":{"rendered":"\n<h4>Mit dem Fotografen Ulrich Buchholz die Welt aus einem anderen Blickwinkel sehen<\/h4>\n\n\n\n<hr class=\"wp-block-separator\"\/>\n\n\n\n<p><\/p>\n\n\n\n<p>F\u00fcr Freitag, den 25. Februar 2022 lud Ulrich Buchholz die Freunde seiner Reise-Welten zwischen 17:00 und 21:00 Uhr zu einer Ausstellungs-F\u00fchrung mit Musik ein.  <\/p>\n\n\n\n<p>Die G\u00e4ste freuten sich \u00fcber interessante Geschichten rund um die Entstehung der Fotos bei einem geselligen Getr\u00e4nk.  F\u00fcr eine  professionelle  Musikbegleitung sorgte der Gitarrist Mike Debinski, der in der Welt von Dire Straits und Santana zu Hause ist.<\/p>\n\n\n\n<p><\/p>\n\n\n\n<hr class=\"wp-block-separator\"\/>\n\n\n\n<figure class=\"wp-block-image size-large\"><img loading=\"lazy\" width=\"600\" height=\"382\" src=\"https:\/\/zwischenraum-rheydt.de\/wp-content\/uploads\/2022\/01\/Ubu-plakat-ausschnitt.png\" alt=\"\" class=\"wp-image-1088\" srcset=\"https:\/\/zwischenraum-rheydt.de\/wp-content\/uploads\/2022\/01\/Ubu-plakat-ausschnitt.png 600w, https:\/\/zwischenraum-rheydt.de\/wp-content\/uploads\/2022\/01\/Ubu-plakat-ausschnitt-300x191.png 300w\" sizes=\"(max-width: 600px) 100vw, 600px\" \/><\/figure>\n\n\n\n<p><\/p>\n\n\n\n<hr class=\"wp-block-separator\"\/>\n\n\n\n<p>Auszug aus seinen lebendigen Bildbeschreibungen:<\/p>\n\n\n\n<p>In den Gletscherh\u00f6hlen ist das Eis glasklar, weltweit einzigartig, da nur Lavaeinschl\u00fcsse sichtbar sind, ohne Sedimentbeimischungen. Die Motive wird es in dieser Auspr\u00e4gung nie mehr geben, damit sind sie auch eine Form der Endlichkeit. S\u00e4mtliche Konstellationen im Eis sind in der n\u00e4chsten Sommerzeit l\u00e4ngst wieder vergangen, verdunstet und aufgel\u00f6st. Der einzig begehbare Vulkan in Island, in 120 Meter Tiefe zeigt in seiner Magmakammer ein unwirkliches Farbenspiel, was durch verschiedenste Mineralien in \u00fcber 400 Jahren entstanden ist. <\/p>\n\n\n\n<hr class=\"wp-block-separator\"\/>\n\n\n\n<hr class=\"wp-block-separator\"\/>\n\n\n\n<figure class=\"wp-container-2 wp-block-gallery-1 wp-block-gallery columns-3 is-cropped\"><ul class=\"blocks-gallery-grid\"><li class=\"blocks-gallery-item\"><figure><img loading=\"lazy\" width=\"559\" height=\"1024\" src=\"https:\/\/zwischenraum-rheydt.de\/wp-content\/uploads\/2022\/01\/UBu1.jpeg\" alt=\"\" data-id=\"1089\" data-link=\"https:\/\/zwischenraum-rheydt.de\/?attachment_id=1089#main\" class=\"wp-image-1089\" srcset=\"https:\/\/zwischenraum-rheydt.de\/wp-content\/uploads\/2022\/01\/UBu1.jpeg 559w, https:\/\/zwischenraum-rheydt.de\/wp-content\/uploads\/2022\/01\/UBu1-164x300.jpeg 164w\" sizes=\"(max-width: 559px) 100vw, 559px\" \/><\/figure><\/li><li class=\"blocks-gallery-item\"><figure><img loading=\"lazy\" width=\"540\" height=\"1024\" src=\"https:\/\/zwischenraum-rheydt.de\/wp-content\/uploads\/2022\/01\/UBu2.jpeg\" alt=\"\" data-id=\"1090\" data-link=\"https:\/\/zwischenraum-rheydt.de\/?attachment_id=1090#main\" class=\"wp-image-1090\" srcset=\"https:\/\/zwischenraum-rheydt.de\/wp-content\/uploads\/2022\/01\/UBu2.jpeg 540w, https:\/\/zwischenraum-rheydt.de\/wp-content\/uploads\/2022\/01\/UBu2-158x300.jpeg 158w\" sizes=\"(max-width: 540px) 100vw, 540px\" \/><\/figure><\/li><li class=\"blocks-gallery-item\"><figure><img loading=\"lazy\" width=\"1024\" height=\"576\" src=\"https:\/\/zwischenraum-rheydt.de\/wp-content\/uploads\/2022\/01\/Ubu4.jpeg\" alt=\"\" data-id=\"1092\" data-link=\"https:\/\/zwischenraum-rheydt.de\/?attachment_id=1092#main\" class=\"wp-image-1092\" srcset=\"https:\/\/zwischenraum-rheydt.de\/wp-content\/uploads\/2022\/01\/Ubu4.jpeg 1024w, https:\/\/zwischenraum-rheydt.de\/wp-content\/uploads\/2022\/01\/Ubu4-300x169.jpeg 300w, https:\/\/zwischenraum-rheydt.de\/wp-content\/uploads\/2022\/01\/Ubu4-768x432.jpeg 768w\" sizes=\"(max-width: 1024px) 100vw, 1024px\" \/><\/figure><\/li><li class=\"blocks-gallery-item\"><figure><img loading=\"lazy\" width=\"1024\" height=\"576\" src=\"https:\/\/zwischenraum-rheydt.de\/wp-content\/uploads\/2022\/01\/UBu5.jpeg\" alt=\"\" data-id=\"1093\" data-full-url=\"https:\/\/zwischenraum-rheydt.de\/wp-content\/uploads\/2022\/01\/UBu5.jpeg\" data-link=\"https:\/\/zwischenraum-rheydt.de\/?attachment_id=1093#main\" class=\"wp-image-1093\" srcset=\"https:\/\/zwischenraum-rheydt.de\/wp-content\/uploads\/2022\/01\/UBu5.jpeg 1024w, https:\/\/zwischenraum-rheydt.de\/wp-content\/uploads\/2022\/01\/UBu5-300x169.jpeg 300w, https:\/\/zwischenraum-rheydt.de\/wp-content\/uploads\/2022\/01\/UBu5-768x432.jpeg 768w\" sizes=\"(max-width: 1024px) 100vw, 1024px\" \/><\/figure><\/li><\/ul><\/figure>\n\n\n\n<hr class=\"wp-block-separator\"\/>\n\n\n\n<p> Auszug aus seinen lebendigen Bildbeschreibungen:  <\/p>\n\n\n\n<p>Im Hohen Atlas in Marokko finden sich Fruchtbarkeit und gro\u00dfe Trockenheit in unmittelbarer N\u00e4he. im Norden, Richtung Marrakech ist er die west &#8211; \u00f6stliche verlaufende Wetterscheide Marokkos gegen saharische Klimaeinfl\u00fcsse. er bildet die Grundlage f\u00fcr eine Vielzahl von fruchtbaren Flusssystemen. <\/p>\n\n\n\n<p><\/p>\n\n\n\n<hr class=\"wp-block-separator\"\/>\n\n\n\n<figure class=\"wp-block-image size-large\"><img loading=\"lazy\" width=\"603\" height=\"665\" src=\"https:\/\/zwischenraum-rheydt.de\/wp-content\/uploads\/2022\/01\/ubu3-ausschnitt.png\" alt=\"\" class=\"wp-image-1094\" srcset=\"https:\/\/zwischenraum-rheydt.de\/wp-content\/uploads\/2022\/01\/ubu3-ausschnitt.png 603w, https:\/\/zwischenraum-rheydt.de\/wp-content\/uploads\/2022\/01\/ubu3-ausschnitt-272x300.png 272w\" sizes=\"(max-width: 603px) 100vw, 603px\" \/><\/figure>\n\n\n\n<p> <\/p>\n\n\n\n<hr class=\"wp-block-separator\"\/>\n\n\n\n<p><\/p>\n","protected":false},"excerpt":{"rendered":"<p>Mit dem Fotografen Ulrich Buchholz die Welt aus einem anderen Blickwinkel sehen F\u00fcr Freitag, den 25. Februar 2022 lud Ulrich Buchholz die Freunde seiner Reise-Welten zwischen 17:00 und 21:00 Uhr zu einer Ausstellungs-F\u00fchrung mit Musik ein. Die G\u00e4ste freuten sich&hellip; <a href=\"https:\/\/zwischenraum-rheydt.de\/index.php\/2022\/01\/27\/reise-welten\/\" class=\"more-link\">Weiterlesen <span class=\"meta-nav\">&rarr;<\/span><\/a><\/p>\n","protected":false},"author":1,"featured_media":0,"comment_status":"closed","ping_status":"open","sticky":false,"template":"","format":"standard","meta":[],"categories":[7,14,6,4],"tags":[],"yoast_head":"<!-- This site is optimized with the Yoast SEO plugin v19.3 - https:\/\/yoast.com\/wordpress\/plugins\/seo\/ -->\n<title>Reise-Welten - Zwischenraum Rheydt<\/title>\n<meta name=\"robots\" content=\"index, follow, max-snippet:-1, max-image-preview:large, max-video-preview:-1\" \/>\n<link rel=\"canonical\" href=\"https:\/\/zwischenraum-rheydt.de\/index.php\/2022\/01\/27\/reise-welten\/\" \/>\n<meta property=\"og:locale\" content=\"de_DE\" \/>\n<meta property=\"og:type\" content=\"article\" \/>\n<meta property=\"og:title\" content=\"Reise-Welten - Zwischenraum Rheydt\" \/>\n<meta property=\"og:description\" content=\"Mit dem Fotografen Ulrich Buchholz die Welt aus einem anderen Blickwinkel sehen F\u00fcr Freitag, den 25. Februar 2022 lud Ulrich Buchholz die Freunde seiner Reise-Welten zwischen 17:00 und 21:00 Uhr zu einer Ausstellungs-F\u00fchrung mit Musik ein. Die G\u00e4ste freuten sich&hellip; Weiterlesen &rarr;\" \/>\n<meta property=\"og:url\" content=\"https:\/\/zwischenraum-rheydt.de\/index.php\/2022\/01\/27\/reise-welten\/\" \/>\n<meta property=\"og:site_name\" content=\"Zwischenraum Rheydt\" \/>\n<meta property=\"article:published_time\" content=\"2022-01-27T16:25:48+00:00\" \/>\n<meta property=\"article:modified_time\" content=\"2022-05-22T08:11:22+00:00\" \/>\n<meta property=\"og:image\" content=\"https:\/\/zwischenraum-rheydt.de\/wp-content\/uploads\/2022\/01\/Ubu-plakat-ausschnitt.png\" \/>\n<meta name=\"author\" content=\"Uli\" \/>\n<meta name=\"twitter:card\" content=\"summary_large_image\" \/>\n<meta name=\"twitter:label1\" content=\"Verfasst von\" \/>\n\t<meta name=\"twitter:data1\" content=\"Uli\" \/>\n\t<meta name=\"twitter:label2\" content=\"Gesch\u00e4tzte Lesezeit\" \/>\n\t<meta name=\"twitter:data2\" content=\"1\u00a0Minute\" \/>\n<script type=\"application\/ld+json\" class=\"yoast-schema-graph\">{\"@context\":\"https:\/\/schema.org\",\"@graph\":[{\"@type\":\"Organization\",\"@id\":\"https:\/\/zwischenraum-rheydt.de\/#organization\",\"name\":\"matchingGenerations GmbH & Co. KG\",\"url\":\"https:\/\/zwischenraum-rheydt.de\/\",\"sameAs\":[],\"logo\":{\"@type\":\"ImageObject\",\"inLanguage\":\"de\",\"@id\":\"https:\/\/zwischenraum-rheydt.de\/#\/schema\/logo\/image\/\",\"url\":\"https:\/\/zwischenraum-rheydt.de\/wp-content\/uploads\/2020\/01\/logo-zr-neu.png\",\"contentUrl\":\"https:\/\/zwischenraum-rheydt.de\/wp-content\/uploads\/2020\/01\/logo-zr-neu.png\",\"width\":975,\"height\":319,\"caption\":\"matchingGenerations GmbH & Co. KG\"},\"image\":{\"@id\":\"https:\/\/zwischenraum-rheydt.de\/#\/schema\/logo\/image\/\"}},{\"@type\":\"WebSite\",\"@id\":\"https:\/\/zwischenraum-rheydt.de\/#website\",\"url\":\"https:\/\/zwischenraum-rheydt.de\/\",\"name\":\"Zwischenraum Rheydt\",\"description\":\"\",\"publisher\":{\"@id\":\"https:\/\/zwischenraum-rheydt.de\/#organization\"},\"potentialAction\":[{\"@type\":\"SearchAction\",\"target\":{\"@type\":\"EntryPoint\",\"urlTemplate\":\"https:\/\/zwischenraum-rheydt.de\/?s={search_term_string}\"},\"query-input\":\"required name=search_term_string\"}],\"inLanguage\":\"de\"},{\"@type\":\"ImageObject\",\"inLanguage\":\"de\",\"@id\":\"https:\/\/zwischenraum-rheydt.de\/index.php\/2022\/01\/27\/reise-welten\/#primaryimage\",\"url\":\"https:\/\/zwischenraum-rheydt.de\/wp-content\/uploads\/2022\/01\/Ubu-plakat-ausschnitt.png\",\"contentUrl\":\"https:\/\/zwischenraum-rheydt.de\/wp-content\/uploads\/2022\/01\/Ubu-plakat-ausschnitt.png\",\"width\":600,\"height\":382},{\"@type\":\"WebPage\",\"@id\":\"https:\/\/zwischenraum-rheydt.de\/index.php\/2022\/01\/27\/reise-welten\/\",\"url\":\"https:\/\/zwischenraum-rheydt.de\/index.php\/2022\/01\/27\/reise-welten\/\",\"name\":\"Reise-Welten - Zwischenraum Rheydt\",\"isPartOf\":{\"@id\":\"https:\/\/zwischenraum-rheydt.de\/#website\"},\"primaryImageOfPage\":{\"@id\":\"https:\/\/zwischenraum-rheydt.de\/index.php\/2022\/01\/27\/reise-welten\/#primaryimage\"},\"datePublished\":\"2022-01-27T16:25:48+00:00\",\"dateModified\":\"2022-05-22T08:11:22+00:00\",\"breadcrumb\":{\"@id\":\"https:\/\/zwischenraum-rheydt.de\/index.php\/2022\/01\/27\/reise-welten\/#breadcrumb\"},\"inLanguage\":\"de\",\"potentialAction\":[{\"@type\":\"ReadAction\",\"target\":[\"https:\/\/zwischenraum-rheydt.de\/index.php\/2022\/01\/27\/reise-welten\/\"]}]},{\"@type\":\"BreadcrumbList\",\"@id\":\"https:\/\/zwischenraum-rheydt.de\/index.php\/2022\/01\/27\/reise-welten\/#breadcrumb\",\"itemListElement\":[{\"@type\":\"ListItem\",\"position\":1,\"name\":\"Startseite\",\"item\":\"https:\/\/zwischenraum-rheydt.de\/\"},{\"@type\":\"ListItem\",\"position\":2,\"name\":\"Reise-Welten\"}]},{\"@type\":\"Article\",\"@id\":\"https:\/\/zwischenraum-rheydt.de\/index.php\/2022\/01\/27\/reise-welten\/#article\",\"isPartOf\":{\"@id\":\"https:\/\/zwischenraum-rheydt.de\/index.php\/2022\/01\/27\/reise-welten\/\"},\"author\":{\"name\":\"Uli\",\"@id\":\"https:\/\/zwischenraum-rheydt.de\/#\/schema\/person\/a0c45394a1171802d95fde8f65fa7048\"},\"headline\":\"Reise-Welten\",\"datePublished\":\"2022-01-27T16:25:48+00:00\",\"dateModified\":\"2022-05-22T08:11:22+00:00\",\"mainEntityOfPage\":{\"@id\":\"https:\/\/zwischenraum-rheydt.de\/index.php\/2022\/01\/27\/reise-welten\/\"},\"wordCount\":211,\"publisher\":{\"@id\":\"https:\/\/zwischenraum-rheydt.de\/#organization\"},\"image\":{\"@id\":\"https:\/\/zwischenraum-rheydt.de\/index.php\/2022\/01\/27\/reise-welten\/#primaryimage\"},\"thumbnailUrl\":\"https:\/\/zwischenraum-rheydt.de\/wp-content\/uploads\/2022\/01\/Ubu-plakat-ausschnitt.png\",\"articleSection\":[\"Kunst\",\"Portfolio\",\"R\u00e4ume auf Zeit\",\"R\u00fcckblick\"],\"inLanguage\":\"de\"},{\"@type\":\"Person\",\"@id\":\"https:\/\/zwischenraum-rheydt.de\/#\/schema\/person\/a0c45394a1171802d95fde8f65fa7048\",\"name\":\"Uli\",\"image\":{\"@type\":\"ImageObject\",\"inLanguage\":\"de\",\"@id\":\"https:\/\/zwischenraum-rheydt.de\/#\/schema\/person\/image\/\",\"url\":\"https:\/\/secure.gravatar.com\/avatar\/8e0dfd77860e139bb67016e4d7c30a77?s=96&d=mm&r=g\",\"contentUrl\":\"https:\/\/secure.gravatar.com\/avatar\/8e0dfd77860e139bb67016e4d7c30a77?s=96&d=mm&r=g\",\"caption\":\"Uli\"}}]}<\/script>\n<!-- \/ Yoast SEO plugin. -->","yoast_head_json":{"title":"Reise-Welten - Zwischenraum Rheydt","robots":{"index":"index","follow":"follow","max-snippet":"max-snippet:-1","max-image-preview":"max-image-preview:large","max-video-preview":"max-video-preview:-1"},"canonical":"https:\/\/zwischenraum-rheydt.de\/index.php\/2022\/01\/27\/reise-welten\/","og_locale":"de_DE","og_type":"article","og_title":"Reise-Welten - Zwischenraum Rheydt","og_description":"Mit dem Fotografen Ulrich Buchholz die Welt aus einem anderen Blickwinkel sehen F\u00fcr Freitag, den 25. Februar 2022 lud Ulrich Buchholz die Freunde seiner Reise-Welten zwischen 17:00 und 21:00 Uhr zu einer Ausstellungs-F\u00fchrung mit Musik ein. Die G\u00e4ste freuten sich&hellip; Weiterlesen &rarr;","og_url":"https:\/\/zwischenraum-rheydt.de\/index.php\/2022\/01\/27\/reise-welten\/","og_site_name":"Zwischenraum Rheydt","article_published_time":"2022-01-27T16:25:48+00:00","article_modified_time":"2022-05-22T08:11:22+00:00","og_image":[{"url":"https:\/\/zwischenraum-rheydt.de\/wp-content\/uploads\/2022\/01\/Ubu-plakat-ausschnitt.png"}],"author":"Uli","twitter_card":"summary_large_image","twitter_misc":{"Verfasst von":"Uli","Gesch\u00e4tzte Lesezeit":"1\u00a0Minute"},"schema":{"@context":"https:\/\/schema.org","@graph":[{"@type":"Organization","@id":"https:\/\/zwischenraum-rheydt.de\/#organization","name":"matchingGenerations GmbH & Co. KG","url":"https:\/\/zwischenraum-rheydt.de\/","sameAs":[],"logo":{"@type":"ImageObject","inLanguage":"de","@id":"https:\/\/zwischenraum-rheydt.de\/#\/schema\/logo\/image\/","url":"https:\/\/zwischenraum-rheydt.de\/wp-content\/uploads\/2020\/01\/logo-zr-neu.png","contentUrl":"https:\/\/zwischenraum-rheydt.de\/wp-content\/uploads\/2020\/01\/logo-zr-neu.png","width":975,"height":319,"caption":"matchingGenerations GmbH & Co. KG"},"image":{"@id":"https:\/\/zwischenraum-rheydt.de\/#\/schema\/logo\/image\/"}},{"@type":"WebSite","@id":"https:\/\/zwischenraum-rheydt.de\/#website","url":"https:\/\/zwischenraum-rheydt.de\/","name":"Zwischenraum Rheydt","description":"","publisher":{"@id":"https:\/\/zwischenraum-rheydt.de\/#organization"},"potentialAction":[{"@type":"SearchAction","target":{"@type":"EntryPoint","urlTemplate":"https:\/\/zwischenraum-rheydt.de\/?s={search_term_string}"},"query-input":"required name=search_term_string"}],"inLanguage":"de"},{"@type":"ImageObject","inLanguage":"de","@id":"https:\/\/zwischenraum-rheydt.de\/index.php\/2022\/01\/27\/reise-welten\/#primaryimage","url":"https:\/\/zwischenraum-rheydt.de\/wp-content\/uploads\/2022\/01\/Ubu-plakat-ausschnitt.png","contentUrl":"https:\/\/zwischenraum-rheydt.de\/wp-content\/uploads\/2022\/01\/Ubu-plakat-ausschnitt.png","width":600,"height":382},{"@type":"WebPage","@id":"https:\/\/zwischenraum-rheydt.de\/index.php\/2022\/01\/27\/reise-welten\/","url":"https:\/\/zwischenraum-rheydt.de\/index.php\/2022\/01\/27\/reise-welten\/","name":"Reise-Welten - Zwischenraum Rheydt","isPartOf":{"@id":"https:\/\/zwischenraum-rheydt.de\/#website"},"primaryImageOfPage":{"@id":"https:\/\/zwischenraum-rheydt.de\/index.php\/2022\/01\/27\/reise-welten\/#primaryimage"},"datePublished":"2022-01-27T16:25:48+00:00","dateModified":"2022-05-22T08:11:22+00:00","breadcrumb":{"@id":"https:\/\/zwischenraum-rheydt.de\/index.php\/2022\/01\/27\/reise-welten\/#breadcrumb"},"inLanguage":"de","potentialAction":[{"@type":"ReadAction","target":["https:\/\/zwischenraum-rheydt.de\/index.php\/2022\/01\/27\/reise-welten\/"]}]},{"@type":"BreadcrumbList","@id":"https:\/\/zwischenraum-rheydt.de\/index.php\/2022\/01\/27\/reise-welten\/#breadcrumb","itemListElement":[{"@type":"ListItem","position":1,"name":"Startseite","item":"https:\/\/zwischenraum-rheydt.de\/"},{"@type":"ListItem","position":2,"name":"Reise-Welten"}]},{"@type":"Article","@id":"https:\/\/zwischenraum-rheydt.de\/index.php\/2022\/01\/27\/reise-welten\/#article","isPartOf":{"@id":"https:\/\/zwischenraum-rheydt.de\/index.php\/2022\/01\/27\/reise-welten\/"},"author":{"name":"Uli","@id":"https:\/\/zwischenraum-rheydt.de\/#\/schema\/person\/a0c45394a1171802d95fde8f65fa7048"},"headline":"Reise-Welten","datePublished":"2022-01-27T16:25:48+00:00","dateModified":"2022-05-22T08:11:22+00:00","mainEntityOfPage":{"@id":"https:\/\/zwischenraum-rheydt.de\/index.php\/2022\/01\/27\/reise-welten\/"},"wordCount":211,"publisher":{"@id":"https:\/\/zwischenraum-rheydt.de\/#organization"},"image":{"@id":"https:\/\/zwischenraum-rheydt.de\/index.php\/2022\/01\/27\/reise-welten\/#primaryimage"},"thumbnailUrl":"https:\/\/zwischenraum-rheydt.de\/wp-content\/uploads\/2022\/01\/Ubu-plakat-ausschnitt.png","articleSection":["Kunst","Portfolio","R\u00e4ume auf Zeit","R\u00fcckblick"],"inLanguage":"de"},{"@type":"Person","@id":"https:\/\/zwischenraum-rheydt.de\/#\/schema\/person\/a0c45394a1171802d95fde8f65fa7048","name":"Uli","image":{"@type":"ImageObject","inLanguage":"de","@id":"https:\/\/zwischenraum-rheydt.de\/#\/schema\/person\/image\/","url":"https:\/\/secure.gravatar.com\/avatar\/8e0dfd77860e139bb67016e4d7c30a77?s=96&d=mm&r=g","contentUrl":"https:\/\/secure.gravatar.com\/avatar\/8e0dfd77860e139bb67016e4d7c30a77?s=96&d=mm&r=g","caption":"Uli"}}]}},"_links":{"self":[{"href":"https:\/\/zwischenraum-rheydt.de\/index.php\/wp-json\/wp\/v2\/posts\/1087"}],"collection":[{"href":"https:\/\/zwischenraum-rheydt.de\/index.php\/wp-json\/wp\/v2\/posts"}],"about":[{"href":"https:\/\/zwischenraum-rheydt.de\/index.php\/wp-json\/wp\/v2\/types\/post"}],"author":[{"embeddable":true,"href":"https:\/\/zwischenraum-rheydt.de\/index.php\/wp-json\/wp\/v2\/users\/1"}],"replies":[{"embeddable":true,"href":"https:\/\/zwischenraum-rheydt.de\/index.php\/wp-json\/wp\/v2\/comments?post=1087"}],"version-history":[{"count":6,"href":"https:\/\/zwischenraum-rheydt.de\/index.php\/wp-json\/wp\/v2\/posts\/1087\/revisions"}],"predecessor-version":[{"id":1129,"href":"https:\/\/zwischenraum-rheydt.de\/index.php\/wp-json\/wp\/v2\/posts\/1087\/revisions\/1129"}],"wp:attachment":[{"href":"https:\/\/zwischenraum-rheydt.de\/index.php\/wp-json\/wp\/v2\/media?parent=1087"}],"wp:term":[{"taxonomy":"category","embeddable":true,"href":"https:\/\/zwischenraum-rheydt.de\/index.php\/wp-json\/wp\/v2\/categories?post=1087"},{"taxonomy":"post_tag","embeddable":true,"href":"https:\/\/zwischenraum-rheydt.de\/index.php\/wp-json\/wp\/v2\/tags?post=1087"}],"curies":[{"name":"wp","href":"https:\/\/api.w.org\/{rel}","templated":true}]}}