{"id":1186,"date":"2022-05-22T07:35:56","date_gmt":"2022-05-22T07:35:56","guid":{"rendered":"https:\/\/zwischenraum-rheydt.de\/?p=1186"},"modified":"2022-05-22T08:29:05","modified_gmt":"2022-05-22T08:29:05","slug":"vazquezs-traeume-2","status":"publish","type":"post","link":"https:\/\/zwischenraum-rheydt.de\/index.php\/2022\/05\/22\/vazquezs-traeume-2\/","title":{"rendered":"V\u00e1zquez&#8217;s Tr\u00e4ume"},"content":{"rendered":"\n<p>Eine ganz besondere Sammlung von Cuban ART Gem\u00e4lden des Malers V\u00c0ZQUEZ wird  derzeit im ZWISCHENRAUM Rheydt pr\u00e4sentiert. <\/p>\n\n\n\n<p><strong>Die Ausstellung kann vom 04. Juli bis 29.August 2020 besucht werden. <\/strong><\/p>\n\n\n\n<hr class=\"wp-block-separator\"\/>\n\n\n\n<figure class=\"wp-block-image size-large\"><img loading=\"lazy\" width=\"919\" height=\"759\" src=\"https:\/\/zwischenraum-rheydt.de\/wp-content\/uploads\/2020\/07\/tempsnip-sequenz2.png\" alt=\"\" class=\"wp-image-730\" srcset=\"https:\/\/zwischenraum-rheydt.de\/wp-content\/uploads\/2020\/07\/tempsnip-sequenz2.png 919w, https:\/\/zwischenraum-rheydt.de\/wp-content\/uploads\/2020\/07\/tempsnip-sequenz2-300x248.png 300w, https:\/\/zwischenraum-rheydt.de\/wp-content\/uploads\/2020\/07\/tempsnip-sequenz2-768x634.png 768w\" sizes=\"(max-width: 919px) 100vw, 919px\" \/><\/figure>\n\n\n\n<hr class=\"wp-block-separator\"\/>\n\n\n\n<div style=\"text-align: center;\"><iframe loading=\"lazy\" width=\"560\" height=\"315\" src=\"https:\/\/www.youtube.com\/embed\/xz1_h52LlGU\" frameborder=\"0\" allow=\"accelerometer; autoplay; encrypted-media; gyroscope; picture-in-picture\" allowfullscreen=\"\"><\/iframe><\/div>\n\n\n\n<hr class=\"wp-block-separator\"\/>\n\n\n\n<div class=\"wp-block-image is-style-default\"><figure class=\"aligncenter size-large is-resized\"><img loading=\"lazy\" src=\"https:\/\/zwischenraum-rheydt.de\/wp-content\/uploads\/2020\/06\/tempsnip-plakat-final.png\" alt=\"\" class=\"wp-image-676\" width=\"580\" height=\"822\" srcset=\"https:\/\/zwischenraum-rheydt.de\/wp-content\/uploads\/2020\/06\/tempsnip-plakat-final.png 561w, https:\/\/zwischenraum-rheydt.de\/wp-content\/uploads\/2020\/06\/tempsnip-plakat-final-212x300.png 212w\" sizes=\"(max-width: 580px) 100vw, 580px\" \/><\/figure><\/div>\n\n\n\n<hr class=\"wp-block-separator\"\/>\n\n\n\n<p><strong>Die Vernissage am 04. Juli 2020 war ein voller Erfolg:<\/strong><\/p>\n\n\n\n<p>Die geladenen G\u00e4ste staunten nicht schlecht \u00fcber den roten Teppich, der ihnen am Samstagabend den Weg zur Vernissage \u201eV\u00e0zquez\u2019s Tr\u00e4ume\u201c wies. Das hatte wohl niemand in der inzwischen so tristen Hauptstra\u00dfe erwartet. Aber das Leben in M\u00f6nchengladbach-Rheydt scheint \u2013 zumindest in der Galerie ZWISCHENRAUM &#8211; wieder zur\u00fcck zu sein. <\/p>\n\n\n\n<figure class=\"wp-block-image size-large\"><img loading=\"lazy\" width=\"1024\" height=\"687\" src=\"https:\/\/zwischenraum-rheydt.de\/wp-content\/uploads\/2020\/07\/Teppich-1024x687.jpeg\" alt=\"\" class=\"wp-image-709\" srcset=\"https:\/\/zwischenraum-rheydt.de\/wp-content\/uploads\/2020\/07\/Teppich-1024x687.jpeg 1024w, https:\/\/zwischenraum-rheydt.de\/wp-content\/uploads\/2020\/07\/Teppich-300x201.jpeg 300w, https:\/\/zwischenraum-rheydt.de\/wp-content\/uploads\/2020\/07\/Teppich-768x515.jpeg 768w, https:\/\/zwischenraum-rheydt.de\/wp-content\/uploads\/2020\/07\/Teppich.jpeg 1460w\" sizes=\"(max-width: 1024px) 100vw, 1024px\" \/><\/figure>\n\n\n\n<p>In den R\u00e4umen des ZWISCHENRAUM werden 26 seiner Werke aus den Jahren 2005 bis 2015 gezeigt. Die Gem\u00e4lde zeigen kubanische Menschen und Alltagsszenen, die den Betrachter mit ihrer starken und melancholischen Ausdruckskraft in ihren Bann ziehen.<\/p>\n\n\n\n<p>Trotz der Einschr\u00e4nkungen\ndurch Hygiene-Ma\u00dfnahmen und Maskenpflicht kamen viele G\u00e4ste der Einladung nach,\ndie emotionale Kunst des bekannten kubanischen K\u00fcnstlers zu sehen. Eine bunte\nMischung von Menschen verschiedener Berufe, Nationalit\u00e4ten und Generationen lie\u00dfen\nsich gerne von dem M\u00f6nchengladbacher Kunstsammler Marek Rutkowski in die Welt\nseines guten Freundes VAZQUEZ entf\u00fchren. Der Vortrag und auch die\nVideobotschaft des K\u00fcnstlers aus dem fernen Kuba wurde von den aufmerksamen und\nbestens gestimmten G\u00e4sten mit warmem Applaus bedacht.<\/p>\n\n\n\n<p>Die\nempfehlenswerte Ausstellung ist im ZWISCHENRAUM, Hauptstra\u00dfe 59, 41236\nM\u00f6nchengladbach Rheydt noch bis zum 29.08.2020 f\u00fcr alle interessierten Menschen\nge\u00f6ffnet.<\/p>\n\n\n\n<hr class=\"wp-block-separator\"\/>\n\n\n\n<p>Besucht diese Ausstellung &#8230; es lohnt sich! Versprochen.<\/p>\n\n\n\n<p>Besuchergruppen wird optional auch ein gef\u00fchrter Ausstellungsbesuch nach abgestimmter Voranmeldung angeboten. Weitere Informationen gibt es im ZWISCHENRAUM oder direkt bei Uli Wateler unter 0177 8682524.<\/p>\n\n\n\n<hr class=\"wp-block-separator\"\/>\n\n\n\n<div class=\"wp-block-image\"><figure class=\"aligncenter size-large\"><img loading=\"lazy\" width=\"767\" height=\"599\" src=\"https:\/\/zwischenraum-rheydt.de\/wp-content\/uploads\/2020\/06\/DSC_0888-zuschnitt.jpg\" alt=\"\" class=\"wp-image-677\" srcset=\"https:\/\/zwischenraum-rheydt.de\/wp-content\/uploads\/2020\/06\/DSC_0888-zuschnitt.jpg 767w, https:\/\/zwischenraum-rheydt.de\/wp-content\/uploads\/2020\/06\/DSC_0888-zuschnitt-300x234.jpg 300w\" sizes=\"(max-width: 767px) 100vw, 767px\" \/><\/figure><\/div>\n\n\n\n<p>Der Sammler Marek Rutkowski (hier in seinem &#8222;Blauen Salon&#8220; inmitten einiger seiner Lieblingsst\u00fccke) ist auch bereit, sich von einer Auswahl von Gem\u00e4lden seiner umfangreichen Sammlung zu trennen. Wir vermitteln gerne den Ankauf von im ZWISCHENRAUM ausgestellten Werken. <\/p>\n","protected":false},"excerpt":{"rendered":"<p>Eine ganz besondere Sammlung von Cuban ART Gem\u00e4lden des Malers V\u00c0ZQUEZ wird derzeit im ZWISCHENRAUM Rheydt pr\u00e4sentiert. Die Ausstellung kann vom 04. Juli bis 29.August 2020 besucht werden. Die Vernissage am 04. Juli 2020 war ein voller Erfolg: Die geladenen&hellip; <a href=\"https:\/\/zwischenraum-rheydt.de\/index.php\/2022\/05\/22\/vazquezs-traeume-2\/\" class=\"more-link\">Weiterlesen <span class=\"meta-nav\">&rarr;<\/span><\/a><\/p>\n","protected":false},"author":1,"featured_media":0,"comment_status":"closed","ping_status":"open","sticky":false,"template":"","format":"standard","meta":[],"categories":[7,14,6,4],"tags":[],"yoast_head":"<!-- This site is optimized with the Yoast SEO plugin v19.3 - https:\/\/yoast.com\/wordpress\/plugins\/seo\/ -->\n<title>V\u00e1zquez&#039;s Tr\u00e4ume - Zwischenraum Rheydt<\/title>\n<meta name=\"robots\" content=\"index, follow, max-snippet:-1, max-image-preview:large, max-video-preview:-1\" \/>\n<link rel=\"canonical\" href=\"https:\/\/zwischenraum-rheydt.de\/index.php\/2022\/05\/22\/vazquezs-traeume-2\/\" \/>\n<meta property=\"og:locale\" content=\"de_DE\" \/>\n<meta property=\"og:type\" content=\"article\" \/>\n<meta property=\"og:title\" content=\"V\u00e1zquez&#039;s Tr\u00e4ume - Zwischenraum Rheydt\" \/>\n<meta property=\"og:description\" content=\"Eine ganz besondere Sammlung von Cuban ART Gem\u00e4lden des Malers V\u00c0ZQUEZ wird derzeit im ZWISCHENRAUM Rheydt pr\u00e4sentiert. Die Ausstellung kann vom 04. Juli bis 29.August 2020 besucht werden. Die Vernissage am 04. Juli 2020 war ein voller Erfolg: Die geladenen&hellip; Weiterlesen &rarr;\" \/>\n<meta property=\"og:url\" content=\"https:\/\/zwischenraum-rheydt.de\/index.php\/2022\/05\/22\/vazquezs-traeume-2\/\" \/>\n<meta property=\"og:site_name\" content=\"Zwischenraum Rheydt\" \/>\n<meta property=\"article:published_time\" content=\"2022-05-22T07:35:56+00:00\" \/>\n<meta property=\"article:modified_time\" content=\"2022-05-22T08:29:05+00:00\" \/>\n<meta property=\"og:image\" content=\"https:\/\/zwischenraum-rheydt.de\/wp-content\/uploads\/2020\/07\/tempsnip-sequenz2.png\" \/>\n<meta name=\"author\" content=\"Uli\" \/>\n<meta name=\"twitter:card\" content=\"summary_large_image\" \/>\n<meta name=\"twitter:label1\" content=\"Verfasst von\" \/>\n\t<meta name=\"twitter:data1\" content=\"Uli\" \/>\n\t<meta name=\"twitter:label2\" content=\"Gesch\u00e4tzte Lesezeit\" \/>\n\t<meta name=\"twitter:data2\" content=\"2\u00a0Minuten\" \/>\n<script type=\"application\/ld+json\" class=\"yoast-schema-graph\">{\"@context\":\"https:\/\/schema.org\",\"@graph\":[{\"@type\":\"Organization\",\"@id\":\"https:\/\/zwischenraum-rheydt.de\/#organization\",\"name\":\"matchingGenerations GmbH & Co. KG\",\"url\":\"https:\/\/zwischenraum-rheydt.de\/\",\"sameAs\":[],\"logo\":{\"@type\":\"ImageObject\",\"inLanguage\":\"de\",\"@id\":\"https:\/\/zwischenraum-rheydt.de\/#\/schema\/logo\/image\/\",\"url\":\"https:\/\/zwischenraum-rheydt.de\/wp-content\/uploads\/2020\/01\/logo-zr-neu.png\",\"contentUrl\":\"https:\/\/zwischenraum-rheydt.de\/wp-content\/uploads\/2020\/01\/logo-zr-neu.png\",\"width\":975,\"height\":319,\"caption\":\"matchingGenerations GmbH & Co. KG\"},\"image\":{\"@id\":\"https:\/\/zwischenraum-rheydt.de\/#\/schema\/logo\/image\/\"}},{\"@type\":\"WebSite\",\"@id\":\"https:\/\/zwischenraum-rheydt.de\/#website\",\"url\":\"https:\/\/zwischenraum-rheydt.de\/\",\"name\":\"Zwischenraum Rheydt\",\"description\":\"\",\"publisher\":{\"@id\":\"https:\/\/zwischenraum-rheydt.de\/#organization\"},\"potentialAction\":[{\"@type\":\"SearchAction\",\"target\":{\"@type\":\"EntryPoint\",\"urlTemplate\":\"https:\/\/zwischenraum-rheydt.de\/?s={search_term_string}\"},\"query-input\":\"required name=search_term_string\"}],\"inLanguage\":\"de\"},{\"@type\":\"ImageObject\",\"inLanguage\":\"de\",\"@id\":\"https:\/\/zwischenraum-rheydt.de\/index.php\/2022\/05\/22\/vazquezs-traeume-2\/#primaryimage\",\"url\":\"https:\/\/zwischenraum-rheydt.de\/wp-content\/uploads\/2020\/07\/tempsnip-sequenz2.png\",\"contentUrl\":\"https:\/\/zwischenraum-rheydt.de\/wp-content\/uploads\/2020\/07\/tempsnip-sequenz2.png\",\"width\":919,\"height\":759},{\"@type\":\"WebPage\",\"@id\":\"https:\/\/zwischenraum-rheydt.de\/index.php\/2022\/05\/22\/vazquezs-traeume-2\/\",\"url\":\"https:\/\/zwischenraum-rheydt.de\/index.php\/2022\/05\/22\/vazquezs-traeume-2\/\",\"name\":\"V\u00e1zquez's Tr\u00e4ume - Zwischenraum Rheydt\",\"isPartOf\":{\"@id\":\"https:\/\/zwischenraum-rheydt.de\/#website\"},\"primaryImageOfPage\":{\"@id\":\"https:\/\/zwischenraum-rheydt.de\/index.php\/2022\/05\/22\/vazquezs-traeume-2\/#primaryimage\"},\"datePublished\":\"2022-05-22T07:35:56+00:00\",\"dateModified\":\"2022-05-22T08:29:05+00:00\",\"breadcrumb\":{\"@id\":\"https:\/\/zwischenraum-rheydt.de\/index.php\/2022\/05\/22\/vazquezs-traeume-2\/#breadcrumb\"},\"inLanguage\":\"de\",\"potentialAction\":[{\"@type\":\"ReadAction\",\"target\":[\"https:\/\/zwischenraum-rheydt.de\/index.php\/2022\/05\/22\/vazquezs-traeume-2\/\"]}]},{\"@type\":\"BreadcrumbList\",\"@id\":\"https:\/\/zwischenraum-rheydt.de\/index.php\/2022\/05\/22\/vazquezs-traeume-2\/#breadcrumb\",\"itemListElement\":[{\"@type\":\"ListItem\",\"position\":1,\"name\":\"Startseite\",\"item\":\"https:\/\/zwischenraum-rheydt.de\/\"},{\"@type\":\"ListItem\",\"position\":2,\"name\":\"V\u00e1zquez&#8217;s Tr\u00e4ume\"}]},{\"@type\":\"Article\",\"@id\":\"https:\/\/zwischenraum-rheydt.de\/index.php\/2022\/05\/22\/vazquezs-traeume-2\/#article\",\"isPartOf\":{\"@id\":\"https:\/\/zwischenraum-rheydt.de\/index.php\/2022\/05\/22\/vazquezs-traeume-2\/\"},\"author\":{\"name\":\"Uli\",\"@id\":\"https:\/\/zwischenraum-rheydt.de\/#\/schema\/person\/a0c45394a1171802d95fde8f65fa7048\"},\"headline\":\"V\u00e1zquez&#8217;s Tr\u00e4ume\",\"datePublished\":\"2022-05-22T07:35:56+00:00\",\"dateModified\":\"2022-05-22T08:29:05+00:00\",\"mainEntityOfPage\":{\"@id\":\"https:\/\/zwischenraum-rheydt.de\/index.php\/2022\/05\/22\/vazquezs-traeume-2\/\"},\"wordCount\":305,\"publisher\":{\"@id\":\"https:\/\/zwischenraum-rheydt.de\/#organization\"},\"image\":{\"@id\":\"https:\/\/zwischenraum-rheydt.de\/index.php\/2022\/05\/22\/vazquezs-traeume-2\/#primaryimage\"},\"thumbnailUrl\":\"https:\/\/zwischenraum-rheydt.de\/wp-content\/uploads\/2020\/07\/tempsnip-sequenz2.png\",\"articleSection\":[\"Kunst\",\"Portfolio\",\"R\u00e4ume auf Zeit\",\"R\u00fcckblick\"],\"inLanguage\":\"de\"},{\"@type\":\"Person\",\"@id\":\"https:\/\/zwischenraum-rheydt.de\/#\/schema\/person\/a0c45394a1171802d95fde8f65fa7048\",\"name\":\"Uli\",\"image\":{\"@type\":\"ImageObject\",\"inLanguage\":\"de\",\"@id\":\"https:\/\/zwischenraum-rheydt.de\/#\/schema\/person\/image\/\",\"url\":\"https:\/\/secure.gravatar.com\/avatar\/8e0dfd77860e139bb67016e4d7c30a77?s=96&d=mm&r=g\",\"contentUrl\":\"https:\/\/secure.gravatar.com\/avatar\/8e0dfd77860e139bb67016e4d7c30a77?s=96&d=mm&r=g\",\"caption\":\"Uli\"}}]}<\/script>\n<!-- \/ Yoast SEO plugin. -->","yoast_head_json":{"title":"V\u00e1zquez's Tr\u00e4ume - Zwischenraum Rheydt","robots":{"index":"index","follow":"follow","max-snippet":"max-snippet:-1","max-image-preview":"max-image-preview:large","max-video-preview":"max-video-preview:-1"},"canonical":"https:\/\/zwischenraum-rheydt.de\/index.php\/2022\/05\/22\/vazquezs-traeume-2\/","og_locale":"de_DE","og_type":"article","og_title":"V\u00e1zquez's Tr\u00e4ume - Zwischenraum Rheydt","og_description":"Eine ganz besondere Sammlung von Cuban ART Gem\u00e4lden des Malers V\u00c0ZQUEZ wird derzeit im ZWISCHENRAUM Rheydt pr\u00e4sentiert. Die Ausstellung kann vom 04. Juli bis 29.August 2020 besucht werden. Die Vernissage am 04. Juli 2020 war ein voller Erfolg: Die geladenen&hellip; Weiterlesen &rarr;","og_url":"https:\/\/zwischenraum-rheydt.de\/index.php\/2022\/05\/22\/vazquezs-traeume-2\/","og_site_name":"Zwischenraum Rheydt","article_published_time":"2022-05-22T07:35:56+00:00","article_modified_time":"2022-05-22T08:29:05+00:00","og_image":[{"url":"https:\/\/zwischenraum-rheydt.de\/wp-content\/uploads\/2020\/07\/tempsnip-sequenz2.png"}],"author":"Uli","twitter_card":"summary_large_image","twitter_misc":{"Verfasst von":"Uli","Gesch\u00e4tzte Lesezeit":"2\u00a0Minuten"},"schema":{"@context":"https:\/\/schema.org","@graph":[{"@type":"Organization","@id":"https:\/\/zwischenraum-rheydt.de\/#organization","name":"matchingGenerations GmbH & Co. KG","url":"https:\/\/zwischenraum-rheydt.de\/","sameAs":[],"logo":{"@type":"ImageObject","inLanguage":"de","@id":"https:\/\/zwischenraum-rheydt.de\/#\/schema\/logo\/image\/","url":"https:\/\/zwischenraum-rheydt.de\/wp-content\/uploads\/2020\/01\/logo-zr-neu.png","contentUrl":"https:\/\/zwischenraum-rheydt.de\/wp-content\/uploads\/2020\/01\/logo-zr-neu.png","width":975,"height":319,"caption":"matchingGenerations GmbH & Co. KG"},"image":{"@id":"https:\/\/zwischenraum-rheydt.de\/#\/schema\/logo\/image\/"}},{"@type":"WebSite","@id":"https:\/\/zwischenraum-rheydt.de\/#website","url":"https:\/\/zwischenraum-rheydt.de\/","name":"Zwischenraum Rheydt","description":"","publisher":{"@id":"https:\/\/zwischenraum-rheydt.de\/#organization"},"potentialAction":[{"@type":"SearchAction","target":{"@type":"EntryPoint","urlTemplate":"https:\/\/zwischenraum-rheydt.de\/?s={search_term_string}"},"query-input":"required name=search_term_string"}],"inLanguage":"de"},{"@type":"ImageObject","inLanguage":"de","@id":"https:\/\/zwischenraum-rheydt.de\/index.php\/2022\/05\/22\/vazquezs-traeume-2\/#primaryimage","url":"https:\/\/zwischenraum-rheydt.de\/wp-content\/uploads\/2020\/07\/tempsnip-sequenz2.png","contentUrl":"https:\/\/zwischenraum-rheydt.de\/wp-content\/uploads\/2020\/07\/tempsnip-sequenz2.png","width":919,"height":759},{"@type":"WebPage","@id":"https:\/\/zwischenraum-rheydt.de\/index.php\/2022\/05\/22\/vazquezs-traeume-2\/","url":"https:\/\/zwischenraum-rheydt.de\/index.php\/2022\/05\/22\/vazquezs-traeume-2\/","name":"V\u00e1zquez's Tr\u00e4ume - Zwischenraum Rheydt","isPartOf":{"@id":"https:\/\/zwischenraum-rheydt.de\/#website"},"primaryImageOfPage":{"@id":"https:\/\/zwischenraum-rheydt.de\/index.php\/2022\/05\/22\/vazquezs-traeume-2\/#primaryimage"},"datePublished":"2022-05-22T07:35:56+00:00","dateModified":"2022-05-22T08:29:05+00:00","breadcrumb":{"@id":"https:\/\/zwischenraum-rheydt.de\/index.php\/2022\/05\/22\/vazquezs-traeume-2\/#breadcrumb"},"inLanguage":"de","potentialAction":[{"@type":"ReadAction","target":["https:\/\/zwischenraum-rheydt.de\/index.php\/2022\/05\/22\/vazquezs-traeume-2\/"]}]},{"@type":"BreadcrumbList","@id":"https:\/\/zwischenraum-rheydt.de\/index.php\/2022\/05\/22\/vazquezs-traeume-2\/#breadcrumb","itemListElement":[{"@type":"ListItem","position":1,"name":"Startseite","item":"https:\/\/zwischenraum-rheydt.de\/"},{"@type":"ListItem","position":2,"name":"V\u00e1zquez&#8217;s Tr\u00e4ume"}]},{"@type":"Article","@id":"https:\/\/zwischenraum-rheydt.de\/index.php\/2022\/05\/22\/vazquezs-traeume-2\/#article","isPartOf":{"@id":"https:\/\/zwischenraum-rheydt.de\/index.php\/2022\/05\/22\/vazquezs-traeume-2\/"},"author":{"name":"Uli","@id":"https:\/\/zwischenraum-rheydt.de\/#\/schema\/person\/a0c45394a1171802d95fde8f65fa7048"},"headline":"V\u00e1zquez&#8217;s Tr\u00e4ume","datePublished":"2022-05-22T07:35:56+00:00","dateModified":"2022-05-22T08:29:05+00:00","mainEntityOfPage":{"@id":"https:\/\/zwischenraum-rheydt.de\/index.php\/2022\/05\/22\/vazquezs-traeume-2\/"},"wordCount":305,"publisher":{"@id":"https:\/\/zwischenraum-rheydt.de\/#organization"},"image":{"@id":"https:\/\/zwischenraum-rheydt.de\/index.php\/2022\/05\/22\/vazquezs-traeume-2\/#primaryimage"},"thumbnailUrl":"https:\/\/zwischenraum-rheydt.de\/wp-content\/uploads\/2020\/07\/tempsnip-sequenz2.png","articleSection":["Kunst","Portfolio","R\u00e4ume auf Zeit","R\u00fcckblick"],"inLanguage":"de"},{"@type":"Person","@id":"https:\/\/zwischenraum-rheydt.de\/#\/schema\/person\/a0c45394a1171802d95fde8f65fa7048","name":"Uli","image":{"@type":"ImageObject","inLanguage":"de","@id":"https:\/\/zwischenraum-rheydt.de\/#\/schema\/person\/image\/","url":"https:\/\/secure.gravatar.com\/avatar\/8e0dfd77860e139bb67016e4d7c30a77?s=96&d=mm&r=g","contentUrl":"https:\/\/secure.gravatar.com\/avatar\/8e0dfd77860e139bb67016e4d7c30a77?s=96&d=mm&r=g","caption":"Uli"}}]}},"_links":{"self":[{"href":"https:\/\/zwischenraum-rheydt.de\/index.php\/wp-json\/wp\/v2\/posts\/1186"}],"collection":[{"href":"https:\/\/zwischenraum-rheydt.de\/index.php\/wp-json\/wp\/v2\/posts"}],"about":[{"href":"https:\/\/zwischenraum-rheydt.de\/index.php\/wp-json\/wp\/v2\/types\/post"}],"author":[{"embeddable":true,"href":"https:\/\/zwischenraum-rheydt.de\/index.php\/wp-json\/wp\/v2\/users\/1"}],"replies":[{"embeddable":true,"href":"https:\/\/zwischenraum-rheydt.de\/index.php\/wp-json\/wp\/v2\/comments?post=1186"}],"version-history":[{"count":1,"href":"https:\/\/zwischenraum-rheydt.de\/index.php\/wp-json\/wp\/v2\/posts\/1186\/revisions"}],"predecessor-version":[{"id":1193,"href":"https:\/\/zwischenraum-rheydt.de\/index.php\/wp-json\/wp\/v2\/posts\/1186\/revisions\/1193"}],"wp:attachment":[{"href":"https:\/\/zwischenraum-rheydt.de\/index.php\/wp-json\/wp\/v2\/media?parent=1186"}],"wp:term":[{"taxonomy":"category","embeddable":true,"href":"https:\/\/zwischenraum-rheydt.de\/index.php\/wp-json\/wp\/v2\/categories?post=1186"},{"taxonomy":"post_tag","embeddable":true,"href":"https:\/\/zwischenraum-rheydt.de\/index.php\/wp-json\/wp\/v2\/tags?post=1186"}],"curies":[{"name":"wp","href":"https:\/\/api.w.org\/{rel}","templated":true}]}}