{"id":718,"date":"2020-07-05T11:17:13","date_gmt":"2020-07-05T11:17:13","guid":{"rendered":"https:\/\/zwischenraum-rheydt.de\/?p=718"},"modified":"2020-10-22T14:06:24","modified_gmt":"2020-10-22T14:06:24","slug":"ausstellung-wally-lueck","status":"publish","type":"post","link":"https:\/\/zwischenraum-rheydt.de\/index.php\/2020\/07\/05\/ausstellung-wally-lueck\/","title":{"rendered":"&#8222;WirkFluss&#8220; Wally L\u00fcck"},"content":{"rendered":"\n<p>Der Ausstellungszeitraum wurde verl\u00e4ngert bis zum  20. Oktober 2020!<\/p>\n\n\n\n<p>Seit September 2020 ist die M\u00f6nchengladbacher K\u00fcnstlerin Wally L\u00fcck mit ihrer neuen Ausstellung im ZWISCHENRAUM zu sehen. <\/p>\n\n\n\n<p>Lasst Euch diese spannende und tiefsinnige Ausstellung der Bildenden K\u00fcnstlerin nicht entgehen. <\/p>\n\n\n\n<hr class=\"wp-block-separator\"\/>\n\n\n\n<figure class=\"wp-block-image size-large\"><img loading=\"lazy\" width=\"697\" height=\"700\" src=\"https:\/\/zwischenraum-rheydt.de\/wp-content\/uploads\/2020\/08\/flyer-Wally-final-1.png\" alt=\"\" class=\"wp-image-737\" srcset=\"https:\/\/zwischenraum-rheydt.de\/wp-content\/uploads\/2020\/08\/flyer-Wally-final-1.png 697w, https:\/\/zwischenraum-rheydt.de\/wp-content\/uploads\/2020\/08\/flyer-Wally-final-1-300x300.png 300w, https:\/\/zwischenraum-rheydt.de\/wp-content\/uploads\/2020\/08\/flyer-Wally-final-1-150x150.png 150w, https:\/\/zwischenraum-rheydt.de\/wp-content\/uploads\/2020\/08\/flyer-Wally-final-1-50x50.png 50w\" sizes=\"(max-width: 697px) 100vw, 697px\" \/><\/figure>\n\n\n\n<hr class=\"wp-block-separator\"\/>\n\n\n\n<p>In der aktuellen Ausstellung \u201eWirkFluss\u201c befasst\nsich Wally L\u00fcck mit sozial- und umweltpolitischen Themen, die beeinflussende\nWirkung unseres Lebens und Handelns auf die Natur und Umwelt.<\/p>\n\n\n\n<p>Durch die Ausbeutung und Missachtung der Natur\nverursachen wir Umweltprobleme, die sich auf unser aller Leben auswirken.<\/p>\n\n\n\n<hr class=\"wp-block-separator\"\/>\n\n\n\n<figure class=\"wp-block-image size-large\"><img loading=\"lazy\" width=\"698\" height=\"702\" src=\"https:\/\/zwischenraum-rheydt.de\/wp-content\/uploads\/2020\/08\/flyer-Wally-final-2.png\" alt=\"\" class=\"wp-image-738\" srcset=\"https:\/\/zwischenraum-rheydt.de\/wp-content\/uploads\/2020\/08\/flyer-Wally-final-2.png 698w, https:\/\/zwischenraum-rheydt.de\/wp-content\/uploads\/2020\/08\/flyer-Wally-final-2-298x300.png 298w, https:\/\/zwischenraum-rheydt.de\/wp-content\/uploads\/2020\/08\/flyer-Wally-final-2-150x150.png 150w, https:\/\/zwischenraum-rheydt.de\/wp-content\/uploads\/2020\/08\/flyer-Wally-final-2-50x50.png 50w\" sizes=\"(max-width: 698px) 100vw, 698px\" \/><\/figure>\n\n\n\n<hr class=\"wp-block-separator\"\/>\n\n\n\n<p><strong>\u201eVerpackte Welt\u201c<\/strong> benennt die\nK\u00fcnstlerin die dazu kreierten Exponate.<\/p>\n\n\n\n<p>Auch in den Objekten in den Objekten<\/p>\n\n\n\n<p><strong>-\u201esecond skin\u201c &amp; \u201eErinnernungsbruchst\u00fccke\u201c\n&#8211;<\/strong><\/p>\n\n\n\n<p>zeigt Wally L\u00fcck wie sich die Beeinflussung von\nMenschen, die Lebensumst\u00e4nden und die Umwelt auf uns auswirken.<\/p>\n\n\n\n<p>Unser Umfeld, unsere Umwelt k\u00f6nnen wir nicht immer selbstbestimmt ausw\u00e4hlen, Erwartungen und Entt\u00e4uschungen, Hoffnung und Verlust , Gl\u00fcck und Verzweiflung formen uns unser ganzes Leben lang. Sich eine 2. Haut anzulegen, dient dem eigenen Schutz und ist unerl\u00e4sslich.<\/p>\n\n\n\n<p><\/p>\n","protected":false},"excerpt":{"rendered":"<p>Der Ausstellungszeitraum wurde verl\u00e4ngert bis zum 20. Oktober 2020! Seit September 2020 ist die M\u00f6nchengladbacher K\u00fcnstlerin Wally L\u00fcck mit ihrer neuen Ausstellung im ZWISCHENRAUM zu sehen. Lasst Euch diese spannende und tiefsinnige Ausstellung der Bildenden K\u00fcnstlerin nicht entgehen. In der&hellip; <a href=\"https:\/\/zwischenraum-rheydt.de\/index.php\/2020\/07\/05\/ausstellung-wally-lueck\/\" class=\"more-link\">Weiterlesen <span class=\"meta-nav\">&rarr;<\/span><\/a><\/p>\n","protected":false},"author":1,"featured_media":0,"comment_status":"closed","ping_status":"open","sticky":false,"template":"","format":"standard","meta":[],"categories":[7,14,6,4],"tags":[],"yoast_head":"<!-- This site is optimized with the Yoast SEO plugin v19.3 - https:\/\/yoast.com\/wordpress\/plugins\/seo\/ -->\n<title>&quot;WirkFluss&quot; Wally L\u00fcck - Zwischenraum Rheydt<\/title>\n<meta name=\"robots\" content=\"index, follow, max-snippet:-1, max-image-preview:large, max-video-preview:-1\" \/>\n<link rel=\"canonical\" href=\"https:\/\/zwischenraum-rheydt.de\/index.php\/2020\/07\/05\/ausstellung-wally-lueck\/\" \/>\n<meta property=\"og:locale\" content=\"de_DE\" \/>\n<meta property=\"og:type\" content=\"article\" \/>\n<meta property=\"og:title\" content=\"&quot;WirkFluss&quot; Wally L\u00fcck - Zwischenraum Rheydt\" \/>\n<meta property=\"og:description\" content=\"Der Ausstellungszeitraum wurde verl\u00e4ngert bis zum 20. Oktober 2020! Seit September 2020 ist die M\u00f6nchengladbacher K\u00fcnstlerin Wally L\u00fcck mit ihrer neuen Ausstellung im ZWISCHENRAUM zu sehen. Lasst Euch diese spannende und tiefsinnige Ausstellung der Bildenden K\u00fcnstlerin nicht entgehen. In der&hellip; Weiterlesen &rarr;\" \/>\n<meta property=\"og:url\" content=\"https:\/\/zwischenraum-rheydt.de\/index.php\/2020\/07\/05\/ausstellung-wally-lueck\/\" \/>\n<meta property=\"og:site_name\" content=\"Zwischenraum Rheydt\" \/>\n<meta property=\"article:published_time\" content=\"2020-07-05T11:17:13+00:00\" \/>\n<meta property=\"article:modified_time\" content=\"2020-10-22T14:06:24+00:00\" \/>\n<meta property=\"og:image\" content=\"https:\/\/zwischenraum-rheydt.de\/wp-content\/uploads\/2020\/08\/flyer-Wally-final-1.png\" \/>\n<meta name=\"author\" content=\"Uli\" \/>\n<meta name=\"twitter:card\" content=\"summary_large_image\" \/>\n<meta name=\"twitter:label1\" content=\"Verfasst von\" \/>\n\t<meta name=\"twitter:data1\" content=\"Uli\" \/>\n\t<meta name=\"twitter:label2\" content=\"Gesch\u00e4tzte Lesezeit\" \/>\n\t<meta name=\"twitter:data2\" content=\"1\u00a0Minute\" \/>\n<script type=\"application\/ld+json\" class=\"yoast-schema-graph\">{\"@context\":\"https:\/\/schema.org\",\"@graph\":[{\"@type\":\"Organization\",\"@id\":\"https:\/\/zwischenraum-rheydt.de\/#organization\",\"name\":\"matchingGenerations GmbH & Co. KG\",\"url\":\"https:\/\/zwischenraum-rheydt.de\/\",\"sameAs\":[],\"logo\":{\"@type\":\"ImageObject\",\"inLanguage\":\"de\",\"@id\":\"https:\/\/zwischenraum-rheydt.de\/#\/schema\/logo\/image\/\",\"url\":\"https:\/\/zwischenraum-rheydt.de\/wp-content\/uploads\/2020\/01\/logo-zr-neu.png\",\"contentUrl\":\"https:\/\/zwischenraum-rheydt.de\/wp-content\/uploads\/2020\/01\/logo-zr-neu.png\",\"width\":975,\"height\":319,\"caption\":\"matchingGenerations GmbH & Co. KG\"},\"image\":{\"@id\":\"https:\/\/zwischenraum-rheydt.de\/#\/schema\/logo\/image\/\"}},{\"@type\":\"WebSite\",\"@id\":\"https:\/\/zwischenraum-rheydt.de\/#website\",\"url\":\"https:\/\/zwischenraum-rheydt.de\/\",\"name\":\"Zwischenraum Rheydt\",\"description\":\"\",\"publisher\":{\"@id\":\"https:\/\/zwischenraum-rheydt.de\/#organization\"},\"potentialAction\":[{\"@type\":\"SearchAction\",\"target\":{\"@type\":\"EntryPoint\",\"urlTemplate\":\"https:\/\/zwischenraum-rheydt.de\/?s={search_term_string}\"},\"query-input\":\"required name=search_term_string\"}],\"inLanguage\":\"de\"},{\"@type\":\"ImageObject\",\"inLanguage\":\"de\",\"@id\":\"https:\/\/zwischenraum-rheydt.de\/index.php\/2020\/07\/05\/ausstellung-wally-lueck\/#primaryimage\",\"url\":\"https:\/\/zwischenraum-rheydt.de\/wp-content\/uploads\/2020\/08\/flyer-Wally-final-1.png\",\"contentUrl\":\"https:\/\/zwischenraum-rheydt.de\/wp-content\/uploads\/2020\/08\/flyer-Wally-final-1.png\",\"width\":697,\"height\":700},{\"@type\":\"WebPage\",\"@id\":\"https:\/\/zwischenraum-rheydt.de\/index.php\/2020\/07\/05\/ausstellung-wally-lueck\/\",\"url\":\"https:\/\/zwischenraum-rheydt.de\/index.php\/2020\/07\/05\/ausstellung-wally-lueck\/\",\"name\":\"\\\"WirkFluss\\\" Wally L\u00fcck - Zwischenraum Rheydt\",\"isPartOf\":{\"@id\":\"https:\/\/zwischenraum-rheydt.de\/#website\"},\"primaryImageOfPage\":{\"@id\":\"https:\/\/zwischenraum-rheydt.de\/index.php\/2020\/07\/05\/ausstellung-wally-lueck\/#primaryimage\"},\"datePublished\":\"2020-07-05T11:17:13+00:00\",\"dateModified\":\"2020-10-22T14:06:24+00:00\",\"breadcrumb\":{\"@id\":\"https:\/\/zwischenraum-rheydt.de\/index.php\/2020\/07\/05\/ausstellung-wally-lueck\/#breadcrumb\"},\"inLanguage\":\"de\",\"potentialAction\":[{\"@type\":\"ReadAction\",\"target\":[\"https:\/\/zwischenraum-rheydt.de\/index.php\/2020\/07\/05\/ausstellung-wally-lueck\/\"]}]},{\"@type\":\"BreadcrumbList\",\"@id\":\"https:\/\/zwischenraum-rheydt.de\/index.php\/2020\/07\/05\/ausstellung-wally-lueck\/#breadcrumb\",\"itemListElement\":[{\"@type\":\"ListItem\",\"position\":1,\"name\":\"Startseite\",\"item\":\"https:\/\/zwischenraum-rheydt.de\/\"},{\"@type\":\"ListItem\",\"position\":2,\"name\":\"&#8222;WirkFluss&#8220; Wally L\u00fcck\"}]},{\"@type\":\"Article\",\"@id\":\"https:\/\/zwischenraum-rheydt.de\/index.php\/2020\/07\/05\/ausstellung-wally-lueck\/#article\",\"isPartOf\":{\"@id\":\"https:\/\/zwischenraum-rheydt.de\/index.php\/2020\/07\/05\/ausstellung-wally-lueck\/\"},\"author\":{\"name\":\"Uli\",\"@id\":\"https:\/\/zwischenraum-rheydt.de\/#\/schema\/person\/a0c45394a1171802d95fde8f65fa7048\"},\"headline\":\"&#8222;WirkFluss&#8220; Wally L\u00fcck\",\"datePublished\":\"2020-07-05T11:17:13+00:00\",\"dateModified\":\"2020-10-22T14:06:24+00:00\",\"mainEntityOfPage\":{\"@id\":\"https:\/\/zwischenraum-rheydt.de\/index.php\/2020\/07\/05\/ausstellung-wally-lueck\/\"},\"wordCount\":172,\"publisher\":{\"@id\":\"https:\/\/zwischenraum-rheydt.de\/#organization\"},\"image\":{\"@id\":\"https:\/\/zwischenraum-rheydt.de\/index.php\/2020\/07\/05\/ausstellung-wally-lueck\/#primaryimage\"},\"thumbnailUrl\":\"https:\/\/zwischenraum-rheydt.de\/wp-content\/uploads\/2020\/08\/flyer-Wally-final-1.png\",\"articleSection\":[\"Kunst\",\"Portfolio\",\"R\u00e4ume auf Zeit\",\"R\u00fcckblick\"],\"inLanguage\":\"de\"},{\"@type\":\"Person\",\"@id\":\"https:\/\/zwischenraum-rheydt.de\/#\/schema\/person\/a0c45394a1171802d95fde8f65fa7048\",\"name\":\"Uli\",\"image\":{\"@type\":\"ImageObject\",\"inLanguage\":\"de\",\"@id\":\"https:\/\/zwischenraum-rheydt.de\/#\/schema\/person\/image\/\",\"url\":\"https:\/\/secure.gravatar.com\/avatar\/8e0dfd77860e139bb67016e4d7c30a77?s=96&d=mm&r=g\",\"contentUrl\":\"https:\/\/secure.gravatar.com\/avatar\/8e0dfd77860e139bb67016e4d7c30a77?s=96&d=mm&r=g\",\"caption\":\"Uli\"}}]}<\/script>\n<!-- \/ Yoast SEO plugin. -->","yoast_head_json":{"title":"\"WirkFluss\" Wally L\u00fcck - Zwischenraum Rheydt","robots":{"index":"index","follow":"follow","max-snippet":"max-snippet:-1","max-image-preview":"max-image-preview:large","max-video-preview":"max-video-preview:-1"},"canonical":"https:\/\/zwischenraum-rheydt.de\/index.php\/2020\/07\/05\/ausstellung-wally-lueck\/","og_locale":"de_DE","og_type":"article","og_title":"\"WirkFluss\" Wally L\u00fcck - Zwischenraum Rheydt","og_description":"Der Ausstellungszeitraum wurde verl\u00e4ngert bis zum 20. Oktober 2020! Seit September 2020 ist die M\u00f6nchengladbacher K\u00fcnstlerin Wally L\u00fcck mit ihrer neuen Ausstellung im ZWISCHENRAUM zu sehen. Lasst Euch diese spannende und tiefsinnige Ausstellung der Bildenden K\u00fcnstlerin nicht entgehen. In der&hellip; Weiterlesen &rarr;","og_url":"https:\/\/zwischenraum-rheydt.de\/index.php\/2020\/07\/05\/ausstellung-wally-lueck\/","og_site_name":"Zwischenraum Rheydt","article_published_time":"2020-07-05T11:17:13+00:00","article_modified_time":"2020-10-22T14:06:24+00:00","og_image":[{"url":"https:\/\/zwischenraum-rheydt.de\/wp-content\/uploads\/2020\/08\/flyer-Wally-final-1.png"}],"author":"Uli","twitter_card":"summary_large_image","twitter_misc":{"Verfasst von":"Uli","Gesch\u00e4tzte Lesezeit":"1\u00a0Minute"},"schema":{"@context":"https:\/\/schema.org","@graph":[{"@type":"Organization","@id":"https:\/\/zwischenraum-rheydt.de\/#organization","name":"matchingGenerations GmbH & Co. KG","url":"https:\/\/zwischenraum-rheydt.de\/","sameAs":[],"logo":{"@type":"ImageObject","inLanguage":"de","@id":"https:\/\/zwischenraum-rheydt.de\/#\/schema\/logo\/image\/","url":"https:\/\/zwischenraum-rheydt.de\/wp-content\/uploads\/2020\/01\/logo-zr-neu.png","contentUrl":"https:\/\/zwischenraum-rheydt.de\/wp-content\/uploads\/2020\/01\/logo-zr-neu.png","width":975,"height":319,"caption":"matchingGenerations GmbH & Co. KG"},"image":{"@id":"https:\/\/zwischenraum-rheydt.de\/#\/schema\/logo\/image\/"}},{"@type":"WebSite","@id":"https:\/\/zwischenraum-rheydt.de\/#website","url":"https:\/\/zwischenraum-rheydt.de\/","name":"Zwischenraum Rheydt","description":"","publisher":{"@id":"https:\/\/zwischenraum-rheydt.de\/#organization"},"potentialAction":[{"@type":"SearchAction","target":{"@type":"EntryPoint","urlTemplate":"https:\/\/zwischenraum-rheydt.de\/?s={search_term_string}"},"query-input":"required name=search_term_string"}],"inLanguage":"de"},{"@type":"ImageObject","inLanguage":"de","@id":"https:\/\/zwischenraum-rheydt.de\/index.php\/2020\/07\/05\/ausstellung-wally-lueck\/#primaryimage","url":"https:\/\/zwischenraum-rheydt.de\/wp-content\/uploads\/2020\/08\/flyer-Wally-final-1.png","contentUrl":"https:\/\/zwischenraum-rheydt.de\/wp-content\/uploads\/2020\/08\/flyer-Wally-final-1.png","width":697,"height":700},{"@type":"WebPage","@id":"https:\/\/zwischenraum-rheydt.de\/index.php\/2020\/07\/05\/ausstellung-wally-lueck\/","url":"https:\/\/zwischenraum-rheydt.de\/index.php\/2020\/07\/05\/ausstellung-wally-lueck\/","name":"\"WirkFluss\" Wally L\u00fcck - Zwischenraum Rheydt","isPartOf":{"@id":"https:\/\/zwischenraum-rheydt.de\/#website"},"primaryImageOfPage":{"@id":"https:\/\/zwischenraum-rheydt.de\/index.php\/2020\/07\/05\/ausstellung-wally-lueck\/#primaryimage"},"datePublished":"2020-07-05T11:17:13+00:00","dateModified":"2020-10-22T14:06:24+00:00","breadcrumb":{"@id":"https:\/\/zwischenraum-rheydt.de\/index.php\/2020\/07\/05\/ausstellung-wally-lueck\/#breadcrumb"},"inLanguage":"de","potentialAction":[{"@type":"ReadAction","target":["https:\/\/zwischenraum-rheydt.de\/index.php\/2020\/07\/05\/ausstellung-wally-lueck\/"]}]},{"@type":"BreadcrumbList","@id":"https:\/\/zwischenraum-rheydt.de\/index.php\/2020\/07\/05\/ausstellung-wally-lueck\/#breadcrumb","itemListElement":[{"@type":"ListItem","position":1,"name":"Startseite","item":"https:\/\/zwischenraum-rheydt.de\/"},{"@type":"ListItem","position":2,"name":"&#8222;WirkFluss&#8220; Wally L\u00fcck"}]},{"@type":"Article","@id":"https:\/\/zwischenraum-rheydt.de\/index.php\/2020\/07\/05\/ausstellung-wally-lueck\/#article","isPartOf":{"@id":"https:\/\/zwischenraum-rheydt.de\/index.php\/2020\/07\/05\/ausstellung-wally-lueck\/"},"author":{"name":"Uli","@id":"https:\/\/zwischenraum-rheydt.de\/#\/schema\/person\/a0c45394a1171802d95fde8f65fa7048"},"headline":"&#8222;WirkFluss&#8220; Wally L\u00fcck","datePublished":"2020-07-05T11:17:13+00:00","dateModified":"2020-10-22T14:06:24+00:00","mainEntityOfPage":{"@id":"https:\/\/zwischenraum-rheydt.de\/index.php\/2020\/07\/05\/ausstellung-wally-lueck\/"},"wordCount":172,"publisher":{"@id":"https:\/\/zwischenraum-rheydt.de\/#organization"},"image":{"@id":"https:\/\/zwischenraum-rheydt.de\/index.php\/2020\/07\/05\/ausstellung-wally-lueck\/#primaryimage"},"thumbnailUrl":"https:\/\/zwischenraum-rheydt.de\/wp-content\/uploads\/2020\/08\/flyer-Wally-final-1.png","articleSection":["Kunst","Portfolio","R\u00e4ume auf Zeit","R\u00fcckblick"],"inLanguage":"de"},{"@type":"Person","@id":"https:\/\/zwischenraum-rheydt.de\/#\/schema\/person\/a0c45394a1171802d95fde8f65fa7048","name":"Uli","image":{"@type":"ImageObject","inLanguage":"de","@id":"https:\/\/zwischenraum-rheydt.de\/#\/schema\/person\/image\/","url":"https:\/\/secure.gravatar.com\/avatar\/8e0dfd77860e139bb67016e4d7c30a77?s=96&d=mm&r=g","contentUrl":"https:\/\/secure.gravatar.com\/avatar\/8e0dfd77860e139bb67016e4d7c30a77?s=96&d=mm&r=g","caption":"Uli"}}]}},"_links":{"self":[{"href":"https:\/\/zwischenraum-rheydt.de\/index.php\/wp-json\/wp\/v2\/posts\/718"}],"collection":[{"href":"https:\/\/zwischenraum-rheydt.de\/index.php\/wp-json\/wp\/v2\/posts"}],"about":[{"href":"https:\/\/zwischenraum-rheydt.de\/index.php\/wp-json\/wp\/v2\/types\/post"}],"author":[{"embeddable":true,"href":"https:\/\/zwischenraum-rheydt.de\/index.php\/wp-json\/wp\/v2\/users\/1"}],"replies":[{"embeddable":true,"href":"https:\/\/zwischenraum-rheydt.de\/index.php\/wp-json\/wp\/v2\/comments?post=718"}],"version-history":[{"count":7,"href":"https:\/\/zwischenraum-rheydt.de\/index.php\/wp-json\/wp\/v2\/posts\/718\/revisions"}],"predecessor-version":[{"id":806,"href":"https:\/\/zwischenraum-rheydt.de\/index.php\/wp-json\/wp\/v2\/posts\/718\/revisions\/806"}],"wp:attachment":[{"href":"https:\/\/zwischenraum-rheydt.de\/index.php\/wp-json\/wp\/v2\/media?parent=718"}],"wp:term":[{"taxonomy":"category","embeddable":true,"href":"https:\/\/zwischenraum-rheydt.de\/index.php\/wp-json\/wp\/v2\/categories?post=718"},{"taxonomy":"post_tag","embeddable":true,"href":"https:\/\/zwischenraum-rheydt.de\/index.php\/wp-json\/wp\/v2\/tags?post=718"}],"curies":[{"name":"wp","href":"https:\/\/api.w.org\/{rel}","templated":true}]}}