{"id":743,"date":"2020-08-23T10:14:45","date_gmt":"2020-08-23T10:14:45","guid":{"rendered":"https:\/\/zwischenraum-rheydt.de\/?p=743"},"modified":"2020-10-18T13:45:42","modified_gmt":"2020-10-18T13:45:42","slug":"gaby-zehnpfennig","status":"publish","type":"post","link":"https:\/\/zwischenraum-rheydt.de\/index.php\/2020\/08\/23\/gaby-zehnpfennig\/","title":{"rendered":"Gaby Zehnpfennig"},"content":{"rendered":"\n<p>Ab 01. September bis 15. Oktober pr\u00e4sentierte Gaby Zehnpfennig eine kleine Auswahl ihrer Bilder im vorderen Bereich des ZWISCHENRAUM. <\/p>\n\n\n\n<p>Gut sichtbar von der Hauptstra\u00dfe aus stellte die Autodidaktin einige neu gestaltete Werke der Acrylmalerei aus und bot diese erfolgreich zum Verkauf an .<\/p>\n\n\n\n<p>Interessenten k\u00f6nnen uns auch weiterhin gerne ansprechen, wenn wir eines der au\u00dfergew\u00f6hnlichen Werke vermitteln sollen &#8230;<\/p>\n\n\n\n<figure class=\"wp-block-image size-large\"><img loading=\"lazy\" width=\"473\" height=\"673\" src=\"https:\/\/zwischenraum-rheydt.de\/wp-content\/uploads\/2020\/08\/GZ-snip-plakat.png\" alt=\"\" class=\"wp-image-744\" srcset=\"https:\/\/zwischenraum-rheydt.de\/wp-content\/uploads\/2020\/08\/GZ-snip-plakat.png 473w, https:\/\/zwischenraum-rheydt.de\/wp-content\/uploads\/2020\/08\/GZ-snip-plakat-211x300.png 211w\" sizes=\"(max-width: 473px) 100vw, 473px\" \/><\/figure>\n\n\n\n<figure class=\"wp-block-image\"><img alt=\"\"\/><\/figure>\n","protected":false},"excerpt":{"rendered":"<p>Ab 01. September bis 15. Oktober pr\u00e4sentierte Gaby Zehnpfennig eine kleine Auswahl ihrer Bilder im vorderen Bereich des ZWISCHENRAUM. Gut sichtbar von der Hauptstra\u00dfe aus stellte die Autodidaktin einige neu gestaltete Werke der Acrylmalerei aus und bot diese erfolgreich zum&hellip; <a href=\"https:\/\/zwischenraum-rheydt.de\/index.php\/2020\/08\/23\/gaby-zehnpfennig\/\" class=\"more-link\">Weiterlesen <span class=\"meta-nav\">&rarr;<\/span><\/a><\/p>\n","protected":false},"author":1,"featured_media":0,"comment_status":"closed","ping_status":"open","sticky":false,"template":"","format":"standard","meta":[],"categories":[7,14,6,4],"tags":[],"yoast_head":"<!-- This site is optimized with the Yoast SEO plugin v19.3 - https:\/\/yoast.com\/wordpress\/plugins\/seo\/ -->\n<title>Gaby Zehnpfennig - Zwischenraum Rheydt Kunst Malerei Verkauf 2020<\/title>\n<meta name=\"description\" content=\"Ab September 2020 wird Gaby Zehnpfennig eine Auswahl ihrer Werke im ZWISCHENRAUM pr\u00e4sentieren. Die Autodidaktin zeigt neu gestaltete Werke der Acrylmalerei ....\" \/>\n<meta name=\"robots\" content=\"index, follow, max-snippet:-1, max-image-preview:large, max-video-preview:-1\" \/>\n<link rel=\"canonical\" href=\"https:\/\/zwischenraum-rheydt.de\/index.php\/2020\/08\/23\/gaby-zehnpfennig\/\" \/>\n<meta property=\"og:locale\" content=\"de_DE\" \/>\n<meta property=\"og:type\" content=\"article\" \/>\n<meta property=\"og:title\" content=\"Gaby Zehnpfennig - Zwischenraum Rheydt Kunst Malerei Verkauf 2020\" \/>\n<meta property=\"og:description\" content=\"Ab September 2020 wird Gaby Zehnpfennig eine Auswahl ihrer Werke im ZWISCHENRAUM pr\u00e4sentieren. Die Autodidaktin zeigt neu gestaltete Werke der Acrylmalerei ....\" \/>\n<meta property=\"og:url\" content=\"https:\/\/zwischenraum-rheydt.de\/index.php\/2020\/08\/23\/gaby-zehnpfennig\/\" \/>\n<meta property=\"og:site_name\" content=\"Zwischenraum Rheydt\" \/>\n<meta property=\"article:published_time\" content=\"2020-08-23T10:14:45+00:00\" \/>\n<meta property=\"article:modified_time\" content=\"2020-10-18T13:45:42+00:00\" \/>\n<meta property=\"og:image\" content=\"https:\/\/zwischenraum-rheydt.de\/wp-content\/uploads\/2020\/08\/GZ-snip-plakat.png\" \/>\n<meta name=\"author\" content=\"Uli\" \/>\n<meta name=\"twitter:card\" content=\"summary_large_image\" \/>\n<meta name=\"twitter:label1\" content=\"Verfasst von\" \/>\n\t<meta name=\"twitter:data1\" content=\"Uli\" \/>\n<script type=\"application\/ld+json\" class=\"yoast-schema-graph\">{\"@context\":\"https:\/\/schema.org\",\"@graph\":[{\"@type\":\"Organization\",\"@id\":\"https:\/\/zwischenraum-rheydt.de\/#organization\",\"name\":\"matchingGenerations GmbH & Co. KG\",\"url\":\"https:\/\/zwischenraum-rheydt.de\/\",\"sameAs\":[],\"logo\":{\"@type\":\"ImageObject\",\"inLanguage\":\"de\",\"@id\":\"https:\/\/zwischenraum-rheydt.de\/#\/schema\/logo\/image\/\",\"url\":\"https:\/\/zwischenraum-rheydt.de\/wp-content\/uploads\/2020\/01\/logo-zr-neu.png\",\"contentUrl\":\"https:\/\/zwischenraum-rheydt.de\/wp-content\/uploads\/2020\/01\/logo-zr-neu.png\",\"width\":975,\"height\":319,\"caption\":\"matchingGenerations GmbH & Co. KG\"},\"image\":{\"@id\":\"https:\/\/zwischenraum-rheydt.de\/#\/schema\/logo\/image\/\"}},{\"@type\":\"WebSite\",\"@id\":\"https:\/\/zwischenraum-rheydt.de\/#website\",\"url\":\"https:\/\/zwischenraum-rheydt.de\/\",\"name\":\"Zwischenraum Rheydt\",\"description\":\"\",\"publisher\":{\"@id\":\"https:\/\/zwischenraum-rheydt.de\/#organization\"},\"potentialAction\":[{\"@type\":\"SearchAction\",\"target\":{\"@type\":\"EntryPoint\",\"urlTemplate\":\"https:\/\/zwischenraum-rheydt.de\/?s={search_term_string}\"},\"query-input\":\"required name=search_term_string\"}],\"inLanguage\":\"de\"},{\"@type\":\"ImageObject\",\"inLanguage\":\"de\",\"@id\":\"https:\/\/zwischenraum-rheydt.de\/index.php\/2020\/08\/23\/gaby-zehnpfennig\/#primaryimage\",\"url\":\"https:\/\/zwischenraum-rheydt.de\/wp-content\/uploads\/2020\/08\/GZ-snip-plakat.png\",\"contentUrl\":\"https:\/\/zwischenraum-rheydt.de\/wp-content\/uploads\/2020\/08\/GZ-snip-plakat.png\",\"width\":473,\"height\":673},{\"@type\":\"WebPage\",\"@id\":\"https:\/\/zwischenraum-rheydt.de\/index.php\/2020\/08\/23\/gaby-zehnpfennig\/\",\"url\":\"https:\/\/zwischenraum-rheydt.de\/index.php\/2020\/08\/23\/gaby-zehnpfennig\/\",\"name\":\"Gaby Zehnpfennig - Zwischenraum Rheydt Kunst Malerei Verkauf 2020\",\"isPartOf\":{\"@id\":\"https:\/\/zwischenraum-rheydt.de\/#website\"},\"primaryImageOfPage\":{\"@id\":\"https:\/\/zwischenraum-rheydt.de\/index.php\/2020\/08\/23\/gaby-zehnpfennig\/#primaryimage\"},\"datePublished\":\"2020-08-23T10:14:45+00:00\",\"dateModified\":\"2020-10-18T13:45:42+00:00\",\"description\":\"Ab September 2020 wird Gaby Zehnpfennig eine Auswahl ihrer Werke im ZWISCHENRAUM pr\u00e4sentieren. Die Autodidaktin zeigt neu gestaltete Werke der Acrylmalerei ....\",\"breadcrumb\":{\"@id\":\"https:\/\/zwischenraum-rheydt.de\/index.php\/2020\/08\/23\/gaby-zehnpfennig\/#breadcrumb\"},\"inLanguage\":\"de\",\"potentialAction\":[{\"@type\":\"ReadAction\",\"target\":[\"https:\/\/zwischenraum-rheydt.de\/index.php\/2020\/08\/23\/gaby-zehnpfennig\/\"]}]},{\"@type\":\"BreadcrumbList\",\"@id\":\"https:\/\/zwischenraum-rheydt.de\/index.php\/2020\/08\/23\/gaby-zehnpfennig\/#breadcrumb\",\"itemListElement\":[{\"@type\":\"ListItem\",\"position\":1,\"name\":\"Startseite\",\"item\":\"https:\/\/zwischenraum-rheydt.de\/\"},{\"@type\":\"ListItem\",\"position\":2,\"name\":\"Gaby Zehnpfennig\"}]},{\"@type\":\"Article\",\"@id\":\"https:\/\/zwischenraum-rheydt.de\/index.php\/2020\/08\/23\/gaby-zehnpfennig\/#article\",\"isPartOf\":{\"@id\":\"https:\/\/zwischenraum-rheydt.de\/index.php\/2020\/08\/23\/gaby-zehnpfennig\/\"},\"author\":{\"name\":\"Uli\",\"@id\":\"https:\/\/zwischenraum-rheydt.de\/#\/schema\/person\/a0c45394a1171802d95fde8f65fa7048\"},\"headline\":\"Gaby Zehnpfennig\",\"datePublished\":\"2020-08-23T10:14:45+00:00\",\"dateModified\":\"2020-10-18T13:45:42+00:00\",\"mainEntityOfPage\":{\"@id\":\"https:\/\/zwischenraum-rheydt.de\/index.php\/2020\/08\/23\/gaby-zehnpfennig\/\"},\"wordCount\":62,\"publisher\":{\"@id\":\"https:\/\/zwischenraum-rheydt.de\/#organization\"},\"image\":{\"@id\":\"https:\/\/zwischenraum-rheydt.de\/index.php\/2020\/08\/23\/gaby-zehnpfennig\/#primaryimage\"},\"thumbnailUrl\":\"https:\/\/zwischenraum-rheydt.de\/wp-content\/uploads\/2020\/08\/GZ-snip-plakat.png\",\"articleSection\":[\"Kunst\",\"Portfolio\",\"R\u00e4ume auf Zeit\",\"R\u00fcckblick\"],\"inLanguage\":\"de\"},{\"@type\":\"Person\",\"@id\":\"https:\/\/zwischenraum-rheydt.de\/#\/schema\/person\/a0c45394a1171802d95fde8f65fa7048\",\"name\":\"Uli\",\"image\":{\"@type\":\"ImageObject\",\"inLanguage\":\"de\",\"@id\":\"https:\/\/zwischenraum-rheydt.de\/#\/schema\/person\/image\/\",\"url\":\"https:\/\/secure.gravatar.com\/avatar\/8e0dfd77860e139bb67016e4d7c30a77?s=96&d=mm&r=g\",\"contentUrl\":\"https:\/\/secure.gravatar.com\/avatar\/8e0dfd77860e139bb67016e4d7c30a77?s=96&d=mm&r=g\",\"caption\":\"Uli\"}}]}<\/script>\n<!-- \/ Yoast SEO plugin. -->","yoast_head_json":{"title":"Gaby Zehnpfennig - Zwischenraum Rheydt Kunst Malerei Verkauf 2020","description":"Ab September 2020 wird Gaby Zehnpfennig eine Auswahl ihrer Werke im ZWISCHENRAUM pr\u00e4sentieren. Die Autodidaktin zeigt neu gestaltete Werke der Acrylmalerei ....","robots":{"index":"index","follow":"follow","max-snippet":"max-snippet:-1","max-image-preview":"max-image-preview:large","max-video-preview":"max-video-preview:-1"},"canonical":"https:\/\/zwischenraum-rheydt.de\/index.php\/2020\/08\/23\/gaby-zehnpfennig\/","og_locale":"de_DE","og_type":"article","og_title":"Gaby Zehnpfennig - Zwischenraum Rheydt Kunst Malerei Verkauf 2020","og_description":"Ab September 2020 wird Gaby Zehnpfennig eine Auswahl ihrer Werke im ZWISCHENRAUM pr\u00e4sentieren. Die Autodidaktin zeigt neu gestaltete Werke der Acrylmalerei ....","og_url":"https:\/\/zwischenraum-rheydt.de\/index.php\/2020\/08\/23\/gaby-zehnpfennig\/","og_site_name":"Zwischenraum Rheydt","article_published_time":"2020-08-23T10:14:45+00:00","article_modified_time":"2020-10-18T13:45:42+00:00","og_image":[{"url":"https:\/\/zwischenraum-rheydt.de\/wp-content\/uploads\/2020\/08\/GZ-snip-plakat.png"}],"author":"Uli","twitter_card":"summary_large_image","twitter_misc":{"Verfasst von":"Uli"},"schema":{"@context":"https:\/\/schema.org","@graph":[{"@type":"Organization","@id":"https:\/\/zwischenraum-rheydt.de\/#organization","name":"matchingGenerations GmbH & Co. KG","url":"https:\/\/zwischenraum-rheydt.de\/","sameAs":[],"logo":{"@type":"ImageObject","inLanguage":"de","@id":"https:\/\/zwischenraum-rheydt.de\/#\/schema\/logo\/image\/","url":"https:\/\/zwischenraum-rheydt.de\/wp-content\/uploads\/2020\/01\/logo-zr-neu.png","contentUrl":"https:\/\/zwischenraum-rheydt.de\/wp-content\/uploads\/2020\/01\/logo-zr-neu.png","width":975,"height":319,"caption":"matchingGenerations GmbH & Co. KG"},"image":{"@id":"https:\/\/zwischenraum-rheydt.de\/#\/schema\/logo\/image\/"}},{"@type":"WebSite","@id":"https:\/\/zwischenraum-rheydt.de\/#website","url":"https:\/\/zwischenraum-rheydt.de\/","name":"Zwischenraum Rheydt","description":"","publisher":{"@id":"https:\/\/zwischenraum-rheydt.de\/#organization"},"potentialAction":[{"@type":"SearchAction","target":{"@type":"EntryPoint","urlTemplate":"https:\/\/zwischenraum-rheydt.de\/?s={search_term_string}"},"query-input":"required name=search_term_string"}],"inLanguage":"de"},{"@type":"ImageObject","inLanguage":"de","@id":"https:\/\/zwischenraum-rheydt.de\/index.php\/2020\/08\/23\/gaby-zehnpfennig\/#primaryimage","url":"https:\/\/zwischenraum-rheydt.de\/wp-content\/uploads\/2020\/08\/GZ-snip-plakat.png","contentUrl":"https:\/\/zwischenraum-rheydt.de\/wp-content\/uploads\/2020\/08\/GZ-snip-plakat.png","width":473,"height":673},{"@type":"WebPage","@id":"https:\/\/zwischenraum-rheydt.de\/index.php\/2020\/08\/23\/gaby-zehnpfennig\/","url":"https:\/\/zwischenraum-rheydt.de\/index.php\/2020\/08\/23\/gaby-zehnpfennig\/","name":"Gaby Zehnpfennig - Zwischenraum Rheydt Kunst Malerei Verkauf 2020","isPartOf":{"@id":"https:\/\/zwischenraum-rheydt.de\/#website"},"primaryImageOfPage":{"@id":"https:\/\/zwischenraum-rheydt.de\/index.php\/2020\/08\/23\/gaby-zehnpfennig\/#primaryimage"},"datePublished":"2020-08-23T10:14:45+00:00","dateModified":"2020-10-18T13:45:42+00:00","description":"Ab September 2020 wird Gaby Zehnpfennig eine Auswahl ihrer Werke im ZWISCHENRAUM pr\u00e4sentieren. Die Autodidaktin zeigt neu gestaltete Werke der Acrylmalerei ....","breadcrumb":{"@id":"https:\/\/zwischenraum-rheydt.de\/index.php\/2020\/08\/23\/gaby-zehnpfennig\/#breadcrumb"},"inLanguage":"de","potentialAction":[{"@type":"ReadAction","target":["https:\/\/zwischenraum-rheydt.de\/index.php\/2020\/08\/23\/gaby-zehnpfennig\/"]}]},{"@type":"BreadcrumbList","@id":"https:\/\/zwischenraum-rheydt.de\/index.php\/2020\/08\/23\/gaby-zehnpfennig\/#breadcrumb","itemListElement":[{"@type":"ListItem","position":1,"name":"Startseite","item":"https:\/\/zwischenraum-rheydt.de\/"},{"@type":"ListItem","position":2,"name":"Gaby Zehnpfennig"}]},{"@type":"Article","@id":"https:\/\/zwischenraum-rheydt.de\/index.php\/2020\/08\/23\/gaby-zehnpfennig\/#article","isPartOf":{"@id":"https:\/\/zwischenraum-rheydt.de\/index.php\/2020\/08\/23\/gaby-zehnpfennig\/"},"author":{"name":"Uli","@id":"https:\/\/zwischenraum-rheydt.de\/#\/schema\/person\/a0c45394a1171802d95fde8f65fa7048"},"headline":"Gaby Zehnpfennig","datePublished":"2020-08-23T10:14:45+00:00","dateModified":"2020-10-18T13:45:42+00:00","mainEntityOfPage":{"@id":"https:\/\/zwischenraum-rheydt.de\/index.php\/2020\/08\/23\/gaby-zehnpfennig\/"},"wordCount":62,"publisher":{"@id":"https:\/\/zwischenraum-rheydt.de\/#organization"},"image":{"@id":"https:\/\/zwischenraum-rheydt.de\/index.php\/2020\/08\/23\/gaby-zehnpfennig\/#primaryimage"},"thumbnailUrl":"https:\/\/zwischenraum-rheydt.de\/wp-content\/uploads\/2020\/08\/GZ-snip-plakat.png","articleSection":["Kunst","Portfolio","R\u00e4ume auf Zeit","R\u00fcckblick"],"inLanguage":"de"},{"@type":"Person","@id":"https:\/\/zwischenraum-rheydt.de\/#\/schema\/person\/a0c45394a1171802d95fde8f65fa7048","name":"Uli","image":{"@type":"ImageObject","inLanguage":"de","@id":"https:\/\/zwischenraum-rheydt.de\/#\/schema\/person\/image\/","url":"https:\/\/secure.gravatar.com\/avatar\/8e0dfd77860e139bb67016e4d7c30a77?s=96&d=mm&r=g","contentUrl":"https:\/\/secure.gravatar.com\/avatar\/8e0dfd77860e139bb67016e4d7c30a77?s=96&d=mm&r=g","caption":"Uli"}}]}},"_links":{"self":[{"href":"https:\/\/zwischenraum-rheydt.de\/index.php\/wp-json\/wp\/v2\/posts\/743"}],"collection":[{"href":"https:\/\/zwischenraum-rheydt.de\/index.php\/wp-json\/wp\/v2\/posts"}],"about":[{"href":"https:\/\/zwischenraum-rheydt.de\/index.php\/wp-json\/wp\/v2\/types\/post"}],"author":[{"embeddable":true,"href":"https:\/\/zwischenraum-rheydt.de\/index.php\/wp-json\/wp\/v2\/users\/1"}],"replies":[{"embeddable":true,"href":"https:\/\/zwischenraum-rheydt.de\/index.php\/wp-json\/wp\/v2\/comments?post=743"}],"version-history":[{"count":4,"href":"https:\/\/zwischenraum-rheydt.de\/index.php\/wp-json\/wp\/v2\/posts\/743\/revisions"}],"predecessor-version":[{"id":829,"href":"https:\/\/zwischenraum-rheydt.de\/index.php\/wp-json\/wp\/v2\/posts\/743\/revisions\/829"}],"wp:attachment":[{"href":"https:\/\/zwischenraum-rheydt.de\/index.php\/wp-json\/wp\/v2\/media?parent=743"}],"wp:term":[{"taxonomy":"category","embeddable":true,"href":"https:\/\/zwischenraum-rheydt.de\/index.php\/wp-json\/wp\/v2\/categories?post=743"},{"taxonomy":"post_tag","embeddable":true,"href":"https:\/\/zwischenraum-rheydt.de\/index.php\/wp-json\/wp\/v2\/tags?post=743"}],"curies":[{"name":"wp","href":"https:\/\/api.w.org\/{rel}","templated":true}]}}