{"id":831,"date":"2020-10-18T16:13:44","date_gmt":"2020-10-18T16:13:44","guid":{"rendered":"https:\/\/zwischenraum-rheydt.de\/?p=831"},"modified":"2020-11-29T11:59:57","modified_gmt":"2020-11-29T11:59:57","slug":"vokus-vorst","status":"publish","type":"post","link":"https:\/\/zwischenraum-rheydt.de\/index.php\/2020\/10\/18\/vokus-vorst\/","title":{"rendered":"Vokus Vorst"},"content":{"rendered":"\n<h2>Vokus Vorst &#8211; K\u00fcnstlergruppe vom Niederrhein<\/h2>\n\n\n\n<p><\/p>\n\n\n\n<p>Wir freuen uns sehr darauf, dabei mitzuwirken, eine Br\u00fccke zwischen Kunstschaffenden und Kunstinteressierten aus M\u00f6nchengladbach, Rheydt und vom Niederrhein zu schlagen. <\/p>\n\n\n\n<figure class=\"wp-block-image size-large\"><img loading=\"lazy\" width=\"1024\" height=\"833\" src=\"https:\/\/zwischenraum-rheydt.de\/wp-content\/uploads\/2020\/10\/Vo-Vo-5von10-1200-1024x833.png\" alt=\"\" class=\"wp-image-858\" srcset=\"https:\/\/zwischenraum-rheydt.de\/wp-content\/uploads\/2020\/10\/Vo-Vo-5von10-1200-1024x833.png 1024w, https:\/\/zwischenraum-rheydt.de\/wp-content\/uploads\/2020\/10\/Vo-Vo-5von10-1200-300x244.png 300w, https:\/\/zwischenraum-rheydt.de\/wp-content\/uploads\/2020\/10\/Vo-Vo-5von10-1200-768x625.png 768w, https:\/\/zwischenraum-rheydt.de\/wp-content\/uploads\/2020\/10\/Vo-Vo-5von10-1200.png 1200w\" sizes=\"(max-width: 1024px) 100vw, 1024px\" \/><\/figure>\n\n\n\n<p>Sechs Mitglieder von Vokus Vorst, der K\u00fcnstlergruppe vom Niederrhein haben eine Auswahl von Werken f\u00fcr eine ansprechende Gemeinschafts-Ausstellung in unseren R\u00e4umen zusammengestellt. <\/p>\n\n\n\n<p>Vokus Vorst wurde 2012 gegr\u00fcndet und besteht insgesamt aus zehn Kunstschaffenden, die mit verschiedenen Ausstellungen in der Region (zuletzt im Nassauer Stall, Schloss Wickrath) gro\u00dfen Besucher Anklang fanden.<\/p>\n\n\n\n<hr class=\"wp-block-separator\"\/>\n\n\n\n<figure class=\"wp-block-image size-large\"><img loading=\"lazy\" width=\"820\" height=\"1024\" src=\"https:\/\/zwischenraum-rheydt.de\/wp-content\/uploads\/2020\/10\/Vokus-Plakat-820x1024.jpeg\" alt=\"\" class=\"wp-image-848\" srcset=\"https:\/\/zwischenraum-rheydt.de\/wp-content\/uploads\/2020\/10\/Vokus-Plakat-820x1024.jpeg 820w, https:\/\/zwischenraum-rheydt.de\/wp-content\/uploads\/2020\/10\/Vokus-Plakat-240x300.jpeg 240w, https:\/\/zwischenraum-rheydt.de\/wp-content\/uploads\/2020\/10\/Vokus-Plakat-768x959.jpeg 768w, https:\/\/zwischenraum-rheydt.de\/wp-content\/uploads\/2020\/10\/Vokus-Plakat.jpeg 1123w\" sizes=\"(max-width: 820px) 100vw, 820px\" \/><\/figure>\n\n\n\n<hr class=\"wp-block-separator\"\/>\n\n\n\n<p>Die Gemeinsamkeit der K\u00fcnstlergruppe liegt im individuellen Umgang mit altbew\u00e4hrten Maltechniken und neuen experimentellen Technologien.<\/p>\n\n\n\n<p>Die Ausstellungs-Besucher k\u00f6nnen Gem\u00e4lde und Objekte in Acryl, Holz bis zu Rost und Patina entdecken. Die Kunstschaffenden laden alle Kunstinteressierten ein und freuen sich auf pers\u00f6nliche Gespr\u00e4che. <\/p>\n\n\n\n<hr class=\"wp-block-separator\"\/>\n\n\n\n<p><\/p>\n\n\n\n<figure class=\"wp-container-2 wp-block-gallery-1 wp-block-gallery columns-1 is-cropped\"><ul class=\"blocks-gallery-grid\"><li class=\"blocks-gallery-item\"><figure><img loading=\"lazy\" width=\"1010\" height=\"678\" src=\"https:\/\/zwischenraum-rheydt.de\/wp-content\/uploads\/2020\/10\/Vokus-An.jpg\" alt=\"\" data-id=\"839\" data-full-url=\"https:\/\/zwischenraum-rheydt.de\/wp-content\/uploads\/2020\/10\/Vokus-An.jpg\" data-link=\"https:\/\/zwischenraum-rheydt.de\/index.php\/2020\/10\/18\/vokus-vorst\/vokus-an\/#main\" class=\"wp-image-839\" srcset=\"https:\/\/zwischenraum-rheydt.de\/wp-content\/uploads\/2020\/10\/Vokus-An.jpg 1010w, https:\/\/zwischenraum-rheydt.de\/wp-content\/uploads\/2020\/10\/Vokus-An-300x201.jpg 300w, https:\/\/zwischenraum-rheydt.de\/wp-content\/uploads\/2020\/10\/Vokus-An-768x516.jpg 768w\" sizes=\"(max-width: 1010px) 100vw, 1010px\" \/><\/figure><\/li><li class=\"blocks-gallery-item\"><figure><img loading=\"lazy\" width=\"982\" height=\"642\" src=\"https:\/\/zwischenraum-rheydt.de\/wp-content\/uploads\/2020\/10\/vokus-Ox.jpg\" alt=\"\" data-id=\"840\" data-full-url=\"https:\/\/zwischenraum-rheydt.de\/wp-content\/uploads\/2020\/10\/vokus-Ox.jpg\" data-link=\"https:\/\/zwischenraum-rheydt.de\/index.php\/2020\/10\/18\/vokus-vorst\/vokus-ox\/#main\" class=\"wp-image-840\" srcset=\"https:\/\/zwischenraum-rheydt.de\/wp-content\/uploads\/2020\/10\/vokus-Ox.jpg 982w, https:\/\/zwischenraum-rheydt.de\/wp-content\/uploads\/2020\/10\/vokus-Ox-300x196.jpg 300w, https:\/\/zwischenraum-rheydt.de\/wp-content\/uploads\/2020\/10\/vokus-Ox-768x502.jpg 768w\" sizes=\"(max-width: 982px) 100vw, 982px\" \/><\/figure><\/li><li class=\"blocks-gallery-item\"><figure><img loading=\"lazy\" width=\"1006\" height=\"761\" src=\"https:\/\/zwischenraum-rheydt.de\/wp-content\/uploads\/2020\/10\/vokus-Re.jpg\" alt=\"\" data-id=\"841\" data-full-url=\"https:\/\/zwischenraum-rheydt.de\/wp-content\/uploads\/2020\/10\/vokus-Re.jpg\" data-link=\"https:\/\/zwischenraum-rheydt.de\/index.php\/2020\/10\/18\/vokus-vorst\/vokus-re\/#main\" class=\"wp-image-841\" srcset=\"https:\/\/zwischenraum-rheydt.de\/wp-content\/uploads\/2020\/10\/vokus-Re.jpg 1006w, https:\/\/zwischenraum-rheydt.de\/wp-content\/uploads\/2020\/10\/vokus-Re-300x227.jpg 300w, https:\/\/zwischenraum-rheydt.de\/wp-content\/uploads\/2020\/10\/vokus-Re-768x581.jpg 768w\" sizes=\"(max-width: 1006px) 100vw, 1006px\" \/><\/figure><\/li><li class=\"blocks-gallery-item\"><figure><img loading=\"lazy\" width=\"1008\" height=\"705\" src=\"https:\/\/zwischenraum-rheydt.de\/wp-content\/uploads\/2020\/10\/vokus-Ul.jpg\" alt=\"\" data-id=\"842\" data-full-url=\"https:\/\/zwischenraum-rheydt.de\/wp-content\/uploads\/2020\/10\/vokus-Ul.jpg\" data-link=\"https:\/\/zwischenraum-rheydt.de\/index.php\/2020\/10\/18\/vokus-vorst\/vokus-ul\/#main\" class=\"wp-image-842\" srcset=\"https:\/\/zwischenraum-rheydt.de\/wp-content\/uploads\/2020\/10\/vokus-Ul.jpg 1008w, https:\/\/zwischenraum-rheydt.de\/wp-content\/uploads\/2020\/10\/vokus-Ul-300x210.jpg 300w, https:\/\/zwischenraum-rheydt.de\/wp-content\/uploads\/2020\/10\/vokus-Ul-768x537.jpg 768w\" sizes=\"(max-width: 1008px) 100vw, 1008px\" \/><\/figure><\/li><li class=\"blocks-gallery-item\"><figure><img loading=\"lazy\" width=\"1005\" height=\"768\" src=\"https:\/\/zwischenraum-rheydt.de\/wp-content\/uploads\/2020\/10\/Vokus-Us.jpg\" alt=\"\" data-id=\"843\" data-full-url=\"https:\/\/zwischenraum-rheydt.de\/wp-content\/uploads\/2020\/10\/Vokus-Us.jpg\" data-link=\"https:\/\/zwischenraum-rheydt.de\/index.php\/2020\/10\/18\/vokus-vorst\/vokus-us\/#main\" class=\"wp-image-843\" srcset=\"https:\/\/zwischenraum-rheydt.de\/wp-content\/uploads\/2020\/10\/Vokus-Us.jpg 1005w, https:\/\/zwischenraum-rheydt.de\/wp-content\/uploads\/2020\/10\/Vokus-Us-300x229.jpg 300w, https:\/\/zwischenraum-rheydt.de\/wp-content\/uploads\/2020\/10\/Vokus-Us-768x587.jpg 768w\" sizes=\"(max-width: 1005px) 100vw, 1005px\" \/><\/figure><\/li><li class=\"blocks-gallery-item\"><figure><img loading=\"lazy\" width=\"1000\" height=\"675\" src=\"https:\/\/zwischenraum-rheydt.de\/wp-content\/uploads\/2020\/10\/Vokus-Wa.jpg\" alt=\"\" data-id=\"838\" data-full-url=\"https:\/\/zwischenraum-rheydt.de\/wp-content\/uploads\/2020\/10\/Vokus-Wa.jpg\" data-link=\"https:\/\/zwischenraum-rheydt.de\/index.php\/2020\/10\/18\/vokus-vorst\/vokus-wa\/#main\" class=\"wp-image-838\" srcset=\"https:\/\/zwischenraum-rheydt.de\/wp-content\/uploads\/2020\/10\/Vokus-Wa.jpg 1000w, https:\/\/zwischenraum-rheydt.de\/wp-content\/uploads\/2020\/10\/Vokus-Wa-300x203.jpg 300w, https:\/\/zwischenraum-rheydt.de\/wp-content\/uploads\/2020\/10\/Vokus-Wa-768x518.jpg 768w\" sizes=\"(max-width: 1000px) 100vw, 1000px\" \/><\/figure><\/li><\/ul><\/figure>\n\n\n\n<hr class=\"wp-block-separator\"\/>\n","protected":false},"excerpt":{"rendered":"<p>Vokus Vorst &#8211; K\u00fcnstlergruppe vom Niederrhein Wir freuen uns sehr darauf, dabei mitzuwirken, eine Br\u00fccke zwischen Kunstschaffenden und Kunstinteressierten aus M\u00f6nchengladbach, Rheydt und vom Niederrhein zu schlagen. Sechs Mitglieder von Vokus Vorst, der K\u00fcnstlergruppe vom Niederrhein haben eine Auswahl von&hellip; <a href=\"https:\/\/zwischenraum-rheydt.de\/index.php\/2020\/10\/18\/vokus-vorst\/\" class=\"more-link\">Weiterlesen <span class=\"meta-nav\">&rarr;<\/span><\/a><\/p>\n","protected":false},"author":1,"featured_media":0,"comment_status":"closed","ping_status":"open","sticky":false,"template":"","format":"standard","meta":[],"categories":[7,14,6,4],"tags":[],"yoast_head":"<!-- This site is optimized with the Yoast SEO plugin v19.3 - https:\/\/yoast.com\/wordpress\/plugins\/seo\/ -->\n<title>Vokus Vorst - Zwischenraum Rheydt<\/title>\n<meta name=\"robots\" content=\"index, follow, max-snippet:-1, max-image-preview:large, max-video-preview:-1\" \/>\n<link rel=\"canonical\" href=\"https:\/\/zwischenraum-rheydt.de\/index.php\/2020\/10\/18\/vokus-vorst\/\" \/>\n<meta property=\"og:locale\" content=\"de_DE\" \/>\n<meta property=\"og:type\" content=\"article\" \/>\n<meta property=\"og:title\" content=\"Vokus Vorst - Zwischenraum Rheydt\" \/>\n<meta property=\"og:description\" content=\"Vokus Vorst &#8211; K\u00fcnstlergruppe vom Niederrhein Wir freuen uns sehr darauf, dabei mitzuwirken, eine Br\u00fccke zwischen Kunstschaffenden und Kunstinteressierten aus M\u00f6nchengladbach, Rheydt und vom Niederrhein zu schlagen. Sechs Mitglieder von Vokus Vorst, der K\u00fcnstlergruppe vom Niederrhein haben eine Auswahl von&hellip; Weiterlesen &rarr;\" \/>\n<meta property=\"og:url\" content=\"https:\/\/zwischenraum-rheydt.de\/index.php\/2020\/10\/18\/vokus-vorst\/\" \/>\n<meta property=\"og:site_name\" content=\"Zwischenraum Rheydt\" \/>\n<meta property=\"article:published_time\" content=\"2020-10-18T16:13:44+00:00\" \/>\n<meta property=\"article:modified_time\" content=\"2020-11-29T11:59:57+00:00\" \/>\n<meta property=\"og:image\" content=\"https:\/\/zwischenraum-rheydt.de\/wp-content\/uploads\/2020\/10\/Vo-Vo-5von10-1200-1024x833.png\" \/>\n<meta name=\"author\" content=\"Uli\" \/>\n<meta name=\"twitter:card\" content=\"summary_large_image\" \/>\n<meta name=\"twitter:label1\" content=\"Verfasst von\" \/>\n\t<meta name=\"twitter:data1\" content=\"Uli\" \/>\n\t<meta name=\"twitter:label2\" content=\"Gesch\u00e4tzte Lesezeit\" \/>\n\t<meta name=\"twitter:data2\" content=\"1\u00a0Minute\" \/>\n<script type=\"application\/ld+json\" class=\"yoast-schema-graph\">{\"@context\":\"https:\/\/schema.org\",\"@graph\":[{\"@type\":\"Organization\",\"@id\":\"https:\/\/zwischenraum-rheydt.de\/#organization\",\"name\":\"matchingGenerations GmbH & Co. KG\",\"url\":\"https:\/\/zwischenraum-rheydt.de\/\",\"sameAs\":[],\"logo\":{\"@type\":\"ImageObject\",\"inLanguage\":\"de\",\"@id\":\"https:\/\/zwischenraum-rheydt.de\/#\/schema\/logo\/image\/\",\"url\":\"https:\/\/zwischenraum-rheydt.de\/wp-content\/uploads\/2020\/01\/logo-zr-neu.png\",\"contentUrl\":\"https:\/\/zwischenraum-rheydt.de\/wp-content\/uploads\/2020\/01\/logo-zr-neu.png\",\"width\":975,\"height\":319,\"caption\":\"matchingGenerations GmbH & Co. KG\"},\"image\":{\"@id\":\"https:\/\/zwischenraum-rheydt.de\/#\/schema\/logo\/image\/\"}},{\"@type\":\"WebSite\",\"@id\":\"https:\/\/zwischenraum-rheydt.de\/#website\",\"url\":\"https:\/\/zwischenraum-rheydt.de\/\",\"name\":\"Zwischenraum Rheydt\",\"description\":\"\",\"publisher\":{\"@id\":\"https:\/\/zwischenraum-rheydt.de\/#organization\"},\"potentialAction\":[{\"@type\":\"SearchAction\",\"target\":{\"@type\":\"EntryPoint\",\"urlTemplate\":\"https:\/\/zwischenraum-rheydt.de\/?s={search_term_string}\"},\"query-input\":\"required name=search_term_string\"}],\"inLanguage\":\"de\"},{\"@type\":\"ImageObject\",\"inLanguage\":\"de\",\"@id\":\"https:\/\/zwischenraum-rheydt.de\/index.php\/2020\/10\/18\/vokus-vorst\/#primaryimage\",\"url\":\"https:\/\/zwischenraum-rheydt.de\/wp-content\/uploads\/2020\/10\/Vo-Vo-5von10-1200.png\",\"contentUrl\":\"https:\/\/zwischenraum-rheydt.de\/wp-content\/uploads\/2020\/10\/Vo-Vo-5von10-1200.png\",\"width\":1200,\"height\":976},{\"@type\":\"WebPage\",\"@id\":\"https:\/\/zwischenraum-rheydt.de\/index.php\/2020\/10\/18\/vokus-vorst\/\",\"url\":\"https:\/\/zwischenraum-rheydt.de\/index.php\/2020\/10\/18\/vokus-vorst\/\",\"name\":\"Vokus Vorst - Zwischenraum Rheydt\",\"isPartOf\":{\"@id\":\"https:\/\/zwischenraum-rheydt.de\/#website\"},\"primaryImageOfPage\":{\"@id\":\"https:\/\/zwischenraum-rheydt.de\/index.php\/2020\/10\/18\/vokus-vorst\/#primaryimage\"},\"datePublished\":\"2020-10-18T16:13:44+00:00\",\"dateModified\":\"2020-11-29T11:59:57+00:00\",\"breadcrumb\":{\"@id\":\"https:\/\/zwischenraum-rheydt.de\/index.php\/2020\/10\/18\/vokus-vorst\/#breadcrumb\"},\"inLanguage\":\"de\",\"potentialAction\":[{\"@type\":\"ReadAction\",\"target\":[\"https:\/\/zwischenraum-rheydt.de\/index.php\/2020\/10\/18\/vokus-vorst\/\"]}]},{\"@type\":\"BreadcrumbList\",\"@id\":\"https:\/\/zwischenraum-rheydt.de\/index.php\/2020\/10\/18\/vokus-vorst\/#breadcrumb\",\"itemListElement\":[{\"@type\":\"ListItem\",\"position\":1,\"name\":\"Startseite\",\"item\":\"https:\/\/zwischenraum-rheydt.de\/\"},{\"@type\":\"ListItem\",\"position\":2,\"name\":\"Vokus Vorst\"}]},{\"@type\":\"Article\",\"@id\":\"https:\/\/zwischenraum-rheydt.de\/index.php\/2020\/10\/18\/vokus-vorst\/#article\",\"isPartOf\":{\"@id\":\"https:\/\/zwischenraum-rheydt.de\/index.php\/2020\/10\/18\/vokus-vorst\/\"},\"author\":{\"name\":\"Uli\",\"@id\":\"https:\/\/zwischenraum-rheydt.de\/#\/schema\/person\/a0c45394a1171802d95fde8f65fa7048\"},\"headline\":\"Vokus Vorst\",\"datePublished\":\"2020-10-18T16:13:44+00:00\",\"dateModified\":\"2020-11-29T11:59:57+00:00\",\"mainEntityOfPage\":{\"@id\":\"https:\/\/zwischenraum-rheydt.de\/index.php\/2020\/10\/18\/vokus-vorst\/\"},\"wordCount\":134,\"publisher\":{\"@id\":\"https:\/\/zwischenraum-rheydt.de\/#organization\"},\"image\":{\"@id\":\"https:\/\/zwischenraum-rheydt.de\/index.php\/2020\/10\/18\/vokus-vorst\/#primaryimage\"},\"thumbnailUrl\":\"https:\/\/zwischenraum-rheydt.de\/wp-content\/uploads\/2020\/10\/Vo-Vo-5von10-1200-1024x833.png\",\"articleSection\":[\"Kunst\",\"Portfolio\",\"R\u00e4ume auf Zeit\",\"R\u00fcckblick\"],\"inLanguage\":\"de\"},{\"@type\":\"Person\",\"@id\":\"https:\/\/zwischenraum-rheydt.de\/#\/schema\/person\/a0c45394a1171802d95fde8f65fa7048\",\"name\":\"Uli\",\"image\":{\"@type\":\"ImageObject\",\"inLanguage\":\"de\",\"@id\":\"https:\/\/zwischenraum-rheydt.de\/#\/schema\/person\/image\/\",\"url\":\"https:\/\/secure.gravatar.com\/avatar\/8e0dfd77860e139bb67016e4d7c30a77?s=96&d=mm&r=g\",\"contentUrl\":\"https:\/\/secure.gravatar.com\/avatar\/8e0dfd77860e139bb67016e4d7c30a77?s=96&d=mm&r=g\",\"caption\":\"Uli\"}}]}<\/script>\n<!-- \/ Yoast SEO plugin. -->","yoast_head_json":{"title":"Vokus Vorst - Zwischenraum Rheydt","robots":{"index":"index","follow":"follow","max-snippet":"max-snippet:-1","max-image-preview":"max-image-preview:large","max-video-preview":"max-video-preview:-1"},"canonical":"https:\/\/zwischenraum-rheydt.de\/index.php\/2020\/10\/18\/vokus-vorst\/","og_locale":"de_DE","og_type":"article","og_title":"Vokus Vorst - Zwischenraum Rheydt","og_description":"Vokus Vorst &#8211; K\u00fcnstlergruppe vom Niederrhein Wir freuen uns sehr darauf, dabei mitzuwirken, eine Br\u00fccke zwischen Kunstschaffenden und Kunstinteressierten aus M\u00f6nchengladbach, Rheydt und vom Niederrhein zu schlagen. Sechs Mitglieder von Vokus Vorst, der K\u00fcnstlergruppe vom Niederrhein haben eine Auswahl von&hellip; Weiterlesen &rarr;","og_url":"https:\/\/zwischenraum-rheydt.de\/index.php\/2020\/10\/18\/vokus-vorst\/","og_site_name":"Zwischenraum Rheydt","article_published_time":"2020-10-18T16:13:44+00:00","article_modified_time":"2020-11-29T11:59:57+00:00","og_image":[{"url":"https:\/\/zwischenraum-rheydt.de\/wp-content\/uploads\/2020\/10\/Vo-Vo-5von10-1200-1024x833.png"}],"author":"Uli","twitter_card":"summary_large_image","twitter_misc":{"Verfasst von":"Uli","Gesch\u00e4tzte Lesezeit":"1\u00a0Minute"},"schema":{"@context":"https:\/\/schema.org","@graph":[{"@type":"Organization","@id":"https:\/\/zwischenraum-rheydt.de\/#organization","name":"matchingGenerations GmbH & Co. KG","url":"https:\/\/zwischenraum-rheydt.de\/","sameAs":[],"logo":{"@type":"ImageObject","inLanguage":"de","@id":"https:\/\/zwischenraum-rheydt.de\/#\/schema\/logo\/image\/","url":"https:\/\/zwischenraum-rheydt.de\/wp-content\/uploads\/2020\/01\/logo-zr-neu.png","contentUrl":"https:\/\/zwischenraum-rheydt.de\/wp-content\/uploads\/2020\/01\/logo-zr-neu.png","width":975,"height":319,"caption":"matchingGenerations GmbH & Co. KG"},"image":{"@id":"https:\/\/zwischenraum-rheydt.de\/#\/schema\/logo\/image\/"}},{"@type":"WebSite","@id":"https:\/\/zwischenraum-rheydt.de\/#website","url":"https:\/\/zwischenraum-rheydt.de\/","name":"Zwischenraum Rheydt","description":"","publisher":{"@id":"https:\/\/zwischenraum-rheydt.de\/#organization"},"potentialAction":[{"@type":"SearchAction","target":{"@type":"EntryPoint","urlTemplate":"https:\/\/zwischenraum-rheydt.de\/?s={search_term_string}"},"query-input":"required name=search_term_string"}],"inLanguage":"de"},{"@type":"ImageObject","inLanguage":"de","@id":"https:\/\/zwischenraum-rheydt.de\/index.php\/2020\/10\/18\/vokus-vorst\/#primaryimage","url":"https:\/\/zwischenraum-rheydt.de\/wp-content\/uploads\/2020\/10\/Vo-Vo-5von10-1200.png","contentUrl":"https:\/\/zwischenraum-rheydt.de\/wp-content\/uploads\/2020\/10\/Vo-Vo-5von10-1200.png","width":1200,"height":976},{"@type":"WebPage","@id":"https:\/\/zwischenraum-rheydt.de\/index.php\/2020\/10\/18\/vokus-vorst\/","url":"https:\/\/zwischenraum-rheydt.de\/index.php\/2020\/10\/18\/vokus-vorst\/","name":"Vokus Vorst - Zwischenraum Rheydt","isPartOf":{"@id":"https:\/\/zwischenraum-rheydt.de\/#website"},"primaryImageOfPage":{"@id":"https:\/\/zwischenraum-rheydt.de\/index.php\/2020\/10\/18\/vokus-vorst\/#primaryimage"},"datePublished":"2020-10-18T16:13:44+00:00","dateModified":"2020-11-29T11:59:57+00:00","breadcrumb":{"@id":"https:\/\/zwischenraum-rheydt.de\/index.php\/2020\/10\/18\/vokus-vorst\/#breadcrumb"},"inLanguage":"de","potentialAction":[{"@type":"ReadAction","target":["https:\/\/zwischenraum-rheydt.de\/index.php\/2020\/10\/18\/vokus-vorst\/"]}]},{"@type":"BreadcrumbList","@id":"https:\/\/zwischenraum-rheydt.de\/index.php\/2020\/10\/18\/vokus-vorst\/#breadcrumb","itemListElement":[{"@type":"ListItem","position":1,"name":"Startseite","item":"https:\/\/zwischenraum-rheydt.de\/"},{"@type":"ListItem","position":2,"name":"Vokus Vorst"}]},{"@type":"Article","@id":"https:\/\/zwischenraum-rheydt.de\/index.php\/2020\/10\/18\/vokus-vorst\/#article","isPartOf":{"@id":"https:\/\/zwischenraum-rheydt.de\/index.php\/2020\/10\/18\/vokus-vorst\/"},"author":{"name":"Uli","@id":"https:\/\/zwischenraum-rheydt.de\/#\/schema\/person\/a0c45394a1171802d95fde8f65fa7048"},"headline":"Vokus Vorst","datePublished":"2020-10-18T16:13:44+00:00","dateModified":"2020-11-29T11:59:57+00:00","mainEntityOfPage":{"@id":"https:\/\/zwischenraum-rheydt.de\/index.php\/2020\/10\/18\/vokus-vorst\/"},"wordCount":134,"publisher":{"@id":"https:\/\/zwischenraum-rheydt.de\/#organization"},"image":{"@id":"https:\/\/zwischenraum-rheydt.de\/index.php\/2020\/10\/18\/vokus-vorst\/#primaryimage"},"thumbnailUrl":"https:\/\/zwischenraum-rheydt.de\/wp-content\/uploads\/2020\/10\/Vo-Vo-5von10-1200-1024x833.png","articleSection":["Kunst","Portfolio","R\u00e4ume auf Zeit","R\u00fcckblick"],"inLanguage":"de"},{"@type":"Person","@id":"https:\/\/zwischenraum-rheydt.de\/#\/schema\/person\/a0c45394a1171802d95fde8f65fa7048","name":"Uli","image":{"@type":"ImageObject","inLanguage":"de","@id":"https:\/\/zwischenraum-rheydt.de\/#\/schema\/person\/image\/","url":"https:\/\/secure.gravatar.com\/avatar\/8e0dfd77860e139bb67016e4d7c30a77?s=96&d=mm&r=g","contentUrl":"https:\/\/secure.gravatar.com\/avatar\/8e0dfd77860e139bb67016e4d7c30a77?s=96&d=mm&r=g","caption":"Uli"}}]}},"_links":{"self":[{"href":"https:\/\/zwischenraum-rheydt.de\/index.php\/wp-json\/wp\/v2\/posts\/831"}],"collection":[{"href":"https:\/\/zwischenraum-rheydt.de\/index.php\/wp-json\/wp\/v2\/posts"}],"about":[{"href":"https:\/\/zwischenraum-rheydt.de\/index.php\/wp-json\/wp\/v2\/types\/post"}],"author":[{"embeddable":true,"href":"https:\/\/zwischenraum-rheydt.de\/index.php\/wp-json\/wp\/v2\/users\/1"}],"replies":[{"embeddable":true,"href":"https:\/\/zwischenraum-rheydt.de\/index.php\/wp-json\/wp\/v2\/comments?post=831"}],"version-history":[{"count":14,"href":"https:\/\/zwischenraum-rheydt.de\/index.php\/wp-json\/wp\/v2\/posts\/831\/revisions"}],"predecessor-version":[{"id":859,"href":"https:\/\/zwischenraum-rheydt.de\/index.php\/wp-json\/wp\/v2\/posts\/831\/revisions\/859"}],"wp:attachment":[{"href":"https:\/\/zwischenraum-rheydt.de\/index.php\/wp-json\/wp\/v2\/media?parent=831"}],"wp:term":[{"taxonomy":"category","embeddable":true,"href":"https:\/\/zwischenraum-rheydt.de\/index.php\/wp-json\/wp\/v2\/categories?post=831"},{"taxonomy":"post_tag","embeddable":true,"href":"https:\/\/zwischenraum-rheydt.de\/index.php\/wp-json\/wp\/v2\/tags?post=831"}],"curies":[{"name":"wp","href":"https:\/\/api.w.org\/{rel}","templated":true}]}}