{"id":862,"date":"2020-10-26T16:30:29","date_gmt":"2020-10-26T16:30:29","guid":{"rendered":"https:\/\/zwischenraum-rheydt.de\/?p=862"},"modified":"2021-01-17T11:41:23","modified_gmt":"2021-01-17T11:41:23","slug":"rheydter-fuer-rheydt","status":"publish","type":"post","link":"https:\/\/zwischenraum-rheydt.de\/index.php\/2020\/10\/26\/rheydter-fuer-rheydt\/","title":{"rendered":"Rheydter f\u00fcr Rheydt"},"content":{"rendered":"\n<h3>Wir sammeln f\u00fcr unsere Kids. <\/h3>\n\n\n\n<p>Die Rheydter Gesch\u00e4ftsleute tun etwas &#8230; und als einer der Initiatoren der Aktion machen wir nat\u00fcrlich selbst auch mit!<\/p>\n\n\n\n<p>Mit Deinen leeren Druckerpatronen kannst Du dreifach Gutes tun:<\/p>\n\n\n\n<p><strong>Rheydter Kids f\u00f6rdern &#8211; Rheydter Innenstadt beleben &#8211; Umwelt sch\u00fctzen<\/strong><\/p>\n\n\n\n<p>Einfach die leeren Marken-Druckerpatronen in einem der teilnehmenden Gesch\u00e4fte abgeben. Achte auf das angeh\u00e4ngte Miniposter oder schau auf <a rel=\"noreferrer noopener\" href=\"https:\/\/l.facebook.com\/l.php?u=https%3A%2F%2Fwww.moenchengladbach.de%2Fde%2Frathaus%2Fbuergerinfo-a-z%2Fplanen-bauen-mobilitaet-umwelt-dezernat-vi%2Ffachbereich-stadtentwicklung-und-planung-61%2Fabteilung-bauleitplanung-und-stadtgestaltung%2Fverwandte-inhalte%2Fmein-rheydt%2Fnews%2Fsammeln-fuer-unsere-kids-1%2F%3Ffbclid%3DIwAR2HEBJY0XtySTmqQPax2p_3ICshSkc17hyQCTQYdFG_Dh4lQthGE1PF9Zs&amp;h=AT3rDeAWZFFQ_pslru-YMiBNnOWAygx60mYb128XLGlJPbeGW_GqPwcBGxQ3O7GP2iX6-G7Xqqg0txJbYoSSJQvnY2fjBqz1yVAI1uEQsqUoJFnquu-GHn5hpp1E-DBEczodq9tPi8HpKQUUfaBV&amp;__tn__=-UK-R&amp;c[0]=AT17Zx0EIE_Ve8aj3XXDdy-fB6LXbiP_kgADlKIu1A52EvOT9IUOFb8aN4EKXQABD6v_u36JlgzGETDX0qLb2qouj7LiP7eLPSQdcqGf753m05uJSI4J9kam-GsixBS93kRy1jiBJg5IZjqAuDEwWr_sdGl-ICvcb3R_ZN1oupE6KYyM50v98OuYcB-G39rUUs4A9tuMOUi5n1K1-ZtAxqdlzA\" target=\"_blank\">https:\/\/www.moenchengladbach.de\/&#8230;\/sammeln-fuer-unsere&#8230;\/<\/a><\/p>\n\n\n\n<figure class=\"wp-block-image size-large\"><img loading=\"lazy\" width=\"592\" height=\"840\" src=\"https:\/\/zwischenraum-rheydt.de\/wp-content\/uploads\/2020\/10\/its-for-kids-Druckerpatronenaktion.jpg\" alt=\"\" class=\"wp-image-864\" srcset=\"https:\/\/zwischenraum-rheydt.de\/wp-content\/uploads\/2020\/10\/its-for-kids-Druckerpatronenaktion.jpg 592w, https:\/\/zwischenraum-rheydt.de\/wp-content\/uploads\/2020\/10\/its-for-kids-Druckerpatronenaktion-211x300.jpg 211w\" sizes=\"(max-width: 592px) 100vw, 592px\" \/><\/figure>\n\n\n\n<p>Du kannst sicher sein, dass Deine Druckerpatronen \u00fcber die Stiftung &#8222;it&#8217;s for kids&#8220; recycled und zu Geld gemacht werden, das dann komplett f\u00fcr ein gemeinn\u00fctziges Projekt der RBU f\u00fcr Rheydter Kids verwendet wird. <\/p>\n","protected":false},"excerpt":{"rendered":"<p>Wir sammeln f\u00fcr unsere Kids. Die Rheydter Gesch\u00e4ftsleute tun etwas &#8230; und als einer der Initiatoren der Aktion machen wir nat\u00fcrlich selbst auch mit! Mit Deinen leeren Druckerpatronen kannst Du dreifach Gutes tun: Rheydter Kids f\u00f6rdern &#8211; Rheydter Innenstadt beleben&hellip; <a href=\"https:\/\/zwischenraum-rheydt.de\/index.php\/2020\/10\/26\/rheydter-fuer-rheydt\/\" class=\"more-link\">Weiterlesen <span class=\"meta-nav\">&rarr;<\/span><\/a><\/p>\n","protected":false},"author":1,"featured_media":0,"comment_status":"closed","ping_status":"open","sticky":false,"template":"","format":"standard","meta":[],"categories":[8,14,4],"tags":[],"yoast_head":"<!-- This site is optimized with the Yoast SEO plugin v19.3 - https:\/\/yoast.com\/wordpress\/plugins\/seo\/ -->\n<title>Rheydter f\u00fcr Rheydt - Zwischenraum Rheydt<\/title>\n<meta name=\"robots\" content=\"index, follow, max-snippet:-1, max-image-preview:large, max-video-preview:-1\" \/>\n<link rel=\"canonical\" href=\"https:\/\/zwischenraum-rheydt.de\/index.php\/2020\/10\/26\/rheydter-fuer-rheydt\/\" \/>\n<meta property=\"og:locale\" content=\"de_DE\" \/>\n<meta property=\"og:type\" content=\"article\" \/>\n<meta property=\"og:title\" content=\"Rheydter f\u00fcr Rheydt - Zwischenraum Rheydt\" \/>\n<meta property=\"og:description\" content=\"Wir sammeln f\u00fcr unsere Kids. Die Rheydter Gesch\u00e4ftsleute tun etwas &#8230; und als einer der Initiatoren der Aktion machen wir nat\u00fcrlich selbst auch mit! Mit Deinen leeren Druckerpatronen kannst Du dreifach Gutes tun: Rheydter Kids f\u00f6rdern &#8211; Rheydter Innenstadt beleben&hellip; Weiterlesen &rarr;\" \/>\n<meta property=\"og:url\" content=\"https:\/\/zwischenraum-rheydt.de\/index.php\/2020\/10\/26\/rheydter-fuer-rheydt\/\" \/>\n<meta property=\"og:site_name\" content=\"Zwischenraum Rheydt\" \/>\n<meta property=\"article:published_time\" content=\"2020-10-26T16:30:29+00:00\" \/>\n<meta property=\"article:modified_time\" content=\"2021-01-17T11:41:23+00:00\" \/>\n<meta property=\"og:image\" content=\"https:\/\/zwischenraum-rheydt.de\/wp-content\/uploads\/2020\/10\/its-for-kids-Druckerpatronenaktion.jpg\" \/>\n<meta name=\"author\" content=\"Uli\" \/>\n<meta name=\"twitter:card\" content=\"summary_large_image\" \/>\n<meta name=\"twitter:label1\" content=\"Verfasst von\" \/>\n\t<meta name=\"twitter:data1\" content=\"Uli\" \/>\n\t<meta name=\"twitter:label2\" content=\"Gesch\u00e4tzte Lesezeit\" \/>\n\t<meta name=\"twitter:data2\" content=\"1\u00a0Minute\" \/>\n<script type=\"application\/ld+json\" class=\"yoast-schema-graph\">{\"@context\":\"https:\/\/schema.org\",\"@graph\":[{\"@type\":\"Organization\",\"@id\":\"https:\/\/zwischenraum-rheydt.de\/#organization\",\"name\":\"matchingGenerations GmbH & Co. KG\",\"url\":\"https:\/\/zwischenraum-rheydt.de\/\",\"sameAs\":[],\"logo\":{\"@type\":\"ImageObject\",\"inLanguage\":\"de\",\"@id\":\"https:\/\/zwischenraum-rheydt.de\/#\/schema\/logo\/image\/\",\"url\":\"https:\/\/zwischenraum-rheydt.de\/wp-content\/uploads\/2020\/01\/logo-zr-neu.png\",\"contentUrl\":\"https:\/\/zwischenraum-rheydt.de\/wp-content\/uploads\/2020\/01\/logo-zr-neu.png\",\"width\":975,\"height\":319,\"caption\":\"matchingGenerations GmbH & Co. KG\"},\"image\":{\"@id\":\"https:\/\/zwischenraum-rheydt.de\/#\/schema\/logo\/image\/\"}},{\"@type\":\"WebSite\",\"@id\":\"https:\/\/zwischenraum-rheydt.de\/#website\",\"url\":\"https:\/\/zwischenraum-rheydt.de\/\",\"name\":\"Zwischenraum Rheydt\",\"description\":\"\",\"publisher\":{\"@id\":\"https:\/\/zwischenraum-rheydt.de\/#organization\"},\"potentialAction\":[{\"@type\":\"SearchAction\",\"target\":{\"@type\":\"EntryPoint\",\"urlTemplate\":\"https:\/\/zwischenraum-rheydt.de\/?s={search_term_string}\"},\"query-input\":\"required name=search_term_string\"}],\"inLanguage\":\"de\"},{\"@type\":\"ImageObject\",\"inLanguage\":\"de\",\"@id\":\"https:\/\/zwischenraum-rheydt.de\/index.php\/2020\/10\/26\/rheydter-fuer-rheydt\/#primaryimage\",\"url\":\"https:\/\/zwischenraum-rheydt.de\/wp-content\/uploads\/2020\/10\/its-for-kids-Druckerpatronenaktion.jpg\",\"contentUrl\":\"https:\/\/zwischenraum-rheydt.de\/wp-content\/uploads\/2020\/10\/its-for-kids-Druckerpatronenaktion.jpg\",\"width\":592,\"height\":840},{\"@type\":\"WebPage\",\"@id\":\"https:\/\/zwischenraum-rheydt.de\/index.php\/2020\/10\/26\/rheydter-fuer-rheydt\/\",\"url\":\"https:\/\/zwischenraum-rheydt.de\/index.php\/2020\/10\/26\/rheydter-fuer-rheydt\/\",\"name\":\"Rheydter f\u00fcr Rheydt - Zwischenraum Rheydt\",\"isPartOf\":{\"@id\":\"https:\/\/zwischenraum-rheydt.de\/#website\"},\"primaryImageOfPage\":{\"@id\":\"https:\/\/zwischenraum-rheydt.de\/index.php\/2020\/10\/26\/rheydter-fuer-rheydt\/#primaryimage\"},\"datePublished\":\"2020-10-26T16:30:29+00:00\",\"dateModified\":\"2021-01-17T11:41:23+00:00\",\"breadcrumb\":{\"@id\":\"https:\/\/zwischenraum-rheydt.de\/index.php\/2020\/10\/26\/rheydter-fuer-rheydt\/#breadcrumb\"},\"inLanguage\":\"de\",\"potentialAction\":[{\"@type\":\"ReadAction\",\"target\":[\"https:\/\/zwischenraum-rheydt.de\/index.php\/2020\/10\/26\/rheydter-fuer-rheydt\/\"]}]},{\"@type\":\"BreadcrumbList\",\"@id\":\"https:\/\/zwischenraum-rheydt.de\/index.php\/2020\/10\/26\/rheydter-fuer-rheydt\/#breadcrumb\",\"itemListElement\":[{\"@type\":\"ListItem\",\"position\":1,\"name\":\"Startseite\",\"item\":\"https:\/\/zwischenraum-rheydt.de\/\"},{\"@type\":\"ListItem\",\"position\":2,\"name\":\"Rheydter f\u00fcr Rheydt\"}]},{\"@type\":\"Article\",\"@id\":\"https:\/\/zwischenraum-rheydt.de\/index.php\/2020\/10\/26\/rheydter-fuer-rheydt\/#article\",\"isPartOf\":{\"@id\":\"https:\/\/zwischenraum-rheydt.de\/index.php\/2020\/10\/26\/rheydter-fuer-rheydt\/\"},\"author\":{\"name\":\"Uli\",\"@id\":\"https:\/\/zwischenraum-rheydt.de\/#\/schema\/person\/a0c45394a1171802d95fde8f65fa7048\"},\"headline\":\"Rheydter f\u00fcr Rheydt\",\"datePublished\":\"2020-10-26T16:30:29+00:00\",\"dateModified\":\"2021-01-17T11:41:23+00:00\",\"mainEntityOfPage\":{\"@id\":\"https:\/\/zwischenraum-rheydt.de\/index.php\/2020\/10\/26\/rheydter-fuer-rheydt\/\"},\"wordCount\":112,\"publisher\":{\"@id\":\"https:\/\/zwischenraum-rheydt.de\/#organization\"},\"image\":{\"@id\":\"https:\/\/zwischenraum-rheydt.de\/index.php\/2020\/10\/26\/rheydter-fuer-rheydt\/#primaryimage\"},\"thumbnailUrl\":\"https:\/\/zwischenraum-rheydt.de\/wp-content\/uploads\/2020\/10\/its-for-kids-Druckerpatronenaktion.jpg\",\"articleSection\":[\"Lebenshilfe\",\"Portfolio\",\"R\u00fcckblick\"],\"inLanguage\":\"de\"},{\"@type\":\"Person\",\"@id\":\"https:\/\/zwischenraum-rheydt.de\/#\/schema\/person\/a0c45394a1171802d95fde8f65fa7048\",\"name\":\"Uli\",\"image\":{\"@type\":\"ImageObject\",\"inLanguage\":\"de\",\"@id\":\"https:\/\/zwischenraum-rheydt.de\/#\/schema\/person\/image\/\",\"url\":\"https:\/\/secure.gravatar.com\/avatar\/8e0dfd77860e139bb67016e4d7c30a77?s=96&d=mm&r=g\",\"contentUrl\":\"https:\/\/secure.gravatar.com\/avatar\/8e0dfd77860e139bb67016e4d7c30a77?s=96&d=mm&r=g\",\"caption\":\"Uli\"}}]}<\/script>\n<!-- \/ Yoast SEO plugin. -->","yoast_head_json":{"title":"Rheydter f\u00fcr Rheydt - Zwischenraum Rheydt","robots":{"index":"index","follow":"follow","max-snippet":"max-snippet:-1","max-image-preview":"max-image-preview:large","max-video-preview":"max-video-preview:-1"},"canonical":"https:\/\/zwischenraum-rheydt.de\/index.php\/2020\/10\/26\/rheydter-fuer-rheydt\/","og_locale":"de_DE","og_type":"article","og_title":"Rheydter f\u00fcr Rheydt - Zwischenraum Rheydt","og_description":"Wir sammeln f\u00fcr unsere Kids. Die Rheydter Gesch\u00e4ftsleute tun etwas &#8230; und als einer der Initiatoren der Aktion machen wir nat\u00fcrlich selbst auch mit! Mit Deinen leeren Druckerpatronen kannst Du dreifach Gutes tun: Rheydter Kids f\u00f6rdern &#8211; Rheydter Innenstadt beleben&hellip; Weiterlesen &rarr;","og_url":"https:\/\/zwischenraum-rheydt.de\/index.php\/2020\/10\/26\/rheydter-fuer-rheydt\/","og_site_name":"Zwischenraum Rheydt","article_published_time":"2020-10-26T16:30:29+00:00","article_modified_time":"2021-01-17T11:41:23+00:00","og_image":[{"url":"https:\/\/zwischenraum-rheydt.de\/wp-content\/uploads\/2020\/10\/its-for-kids-Druckerpatronenaktion.jpg"}],"author":"Uli","twitter_card":"summary_large_image","twitter_misc":{"Verfasst von":"Uli","Gesch\u00e4tzte Lesezeit":"1\u00a0Minute"},"schema":{"@context":"https:\/\/schema.org","@graph":[{"@type":"Organization","@id":"https:\/\/zwischenraum-rheydt.de\/#organization","name":"matchingGenerations GmbH & Co. KG","url":"https:\/\/zwischenraum-rheydt.de\/","sameAs":[],"logo":{"@type":"ImageObject","inLanguage":"de","@id":"https:\/\/zwischenraum-rheydt.de\/#\/schema\/logo\/image\/","url":"https:\/\/zwischenraum-rheydt.de\/wp-content\/uploads\/2020\/01\/logo-zr-neu.png","contentUrl":"https:\/\/zwischenraum-rheydt.de\/wp-content\/uploads\/2020\/01\/logo-zr-neu.png","width":975,"height":319,"caption":"matchingGenerations GmbH & Co. KG"},"image":{"@id":"https:\/\/zwischenraum-rheydt.de\/#\/schema\/logo\/image\/"}},{"@type":"WebSite","@id":"https:\/\/zwischenraum-rheydt.de\/#website","url":"https:\/\/zwischenraum-rheydt.de\/","name":"Zwischenraum Rheydt","description":"","publisher":{"@id":"https:\/\/zwischenraum-rheydt.de\/#organization"},"potentialAction":[{"@type":"SearchAction","target":{"@type":"EntryPoint","urlTemplate":"https:\/\/zwischenraum-rheydt.de\/?s={search_term_string}"},"query-input":"required name=search_term_string"}],"inLanguage":"de"},{"@type":"ImageObject","inLanguage":"de","@id":"https:\/\/zwischenraum-rheydt.de\/index.php\/2020\/10\/26\/rheydter-fuer-rheydt\/#primaryimage","url":"https:\/\/zwischenraum-rheydt.de\/wp-content\/uploads\/2020\/10\/its-for-kids-Druckerpatronenaktion.jpg","contentUrl":"https:\/\/zwischenraum-rheydt.de\/wp-content\/uploads\/2020\/10\/its-for-kids-Druckerpatronenaktion.jpg","width":592,"height":840},{"@type":"WebPage","@id":"https:\/\/zwischenraum-rheydt.de\/index.php\/2020\/10\/26\/rheydter-fuer-rheydt\/","url":"https:\/\/zwischenraum-rheydt.de\/index.php\/2020\/10\/26\/rheydter-fuer-rheydt\/","name":"Rheydter f\u00fcr Rheydt - Zwischenraum Rheydt","isPartOf":{"@id":"https:\/\/zwischenraum-rheydt.de\/#website"},"primaryImageOfPage":{"@id":"https:\/\/zwischenraum-rheydt.de\/index.php\/2020\/10\/26\/rheydter-fuer-rheydt\/#primaryimage"},"datePublished":"2020-10-26T16:30:29+00:00","dateModified":"2021-01-17T11:41:23+00:00","breadcrumb":{"@id":"https:\/\/zwischenraum-rheydt.de\/index.php\/2020\/10\/26\/rheydter-fuer-rheydt\/#breadcrumb"},"inLanguage":"de","potentialAction":[{"@type":"ReadAction","target":["https:\/\/zwischenraum-rheydt.de\/index.php\/2020\/10\/26\/rheydter-fuer-rheydt\/"]}]},{"@type":"BreadcrumbList","@id":"https:\/\/zwischenraum-rheydt.de\/index.php\/2020\/10\/26\/rheydter-fuer-rheydt\/#breadcrumb","itemListElement":[{"@type":"ListItem","position":1,"name":"Startseite","item":"https:\/\/zwischenraum-rheydt.de\/"},{"@type":"ListItem","position":2,"name":"Rheydter f\u00fcr Rheydt"}]},{"@type":"Article","@id":"https:\/\/zwischenraum-rheydt.de\/index.php\/2020\/10\/26\/rheydter-fuer-rheydt\/#article","isPartOf":{"@id":"https:\/\/zwischenraum-rheydt.de\/index.php\/2020\/10\/26\/rheydter-fuer-rheydt\/"},"author":{"name":"Uli","@id":"https:\/\/zwischenraum-rheydt.de\/#\/schema\/person\/a0c45394a1171802d95fde8f65fa7048"},"headline":"Rheydter f\u00fcr Rheydt","datePublished":"2020-10-26T16:30:29+00:00","dateModified":"2021-01-17T11:41:23+00:00","mainEntityOfPage":{"@id":"https:\/\/zwischenraum-rheydt.de\/index.php\/2020\/10\/26\/rheydter-fuer-rheydt\/"},"wordCount":112,"publisher":{"@id":"https:\/\/zwischenraum-rheydt.de\/#organization"},"image":{"@id":"https:\/\/zwischenraum-rheydt.de\/index.php\/2020\/10\/26\/rheydter-fuer-rheydt\/#primaryimage"},"thumbnailUrl":"https:\/\/zwischenraum-rheydt.de\/wp-content\/uploads\/2020\/10\/its-for-kids-Druckerpatronenaktion.jpg","articleSection":["Lebenshilfe","Portfolio","R\u00fcckblick"],"inLanguage":"de"},{"@type":"Person","@id":"https:\/\/zwischenraum-rheydt.de\/#\/schema\/person\/a0c45394a1171802d95fde8f65fa7048","name":"Uli","image":{"@type":"ImageObject","inLanguage":"de","@id":"https:\/\/zwischenraum-rheydt.de\/#\/schema\/person\/image\/","url":"https:\/\/secure.gravatar.com\/avatar\/8e0dfd77860e139bb67016e4d7c30a77?s=96&d=mm&r=g","contentUrl":"https:\/\/secure.gravatar.com\/avatar\/8e0dfd77860e139bb67016e4d7c30a77?s=96&d=mm&r=g","caption":"Uli"}}]}},"_links":{"self":[{"href":"https:\/\/zwischenraum-rheydt.de\/index.php\/wp-json\/wp\/v2\/posts\/862"}],"collection":[{"href":"https:\/\/zwischenraum-rheydt.de\/index.php\/wp-json\/wp\/v2\/posts"}],"about":[{"href":"https:\/\/zwischenraum-rheydt.de\/index.php\/wp-json\/wp\/v2\/types\/post"}],"author":[{"embeddable":true,"href":"https:\/\/zwischenraum-rheydt.de\/index.php\/wp-json\/wp\/v2\/users\/1"}],"replies":[{"embeddable":true,"href":"https:\/\/zwischenraum-rheydt.de\/index.php\/wp-json\/wp\/v2\/comments?post=862"}],"version-history":[{"count":3,"href":"https:\/\/zwischenraum-rheydt.de\/index.php\/wp-json\/wp\/v2\/posts\/862\/revisions"}],"predecessor-version":[{"id":866,"href":"https:\/\/zwischenraum-rheydt.de\/index.php\/wp-json\/wp\/v2\/posts\/862\/revisions\/866"}],"wp:attachment":[{"href":"https:\/\/zwischenraum-rheydt.de\/index.php\/wp-json\/wp\/v2\/media?parent=862"}],"wp:term":[{"taxonomy":"category","embeddable":true,"href":"https:\/\/zwischenraum-rheydt.de\/index.php\/wp-json\/wp\/v2\/categories?post=862"},{"taxonomy":"post_tag","embeddable":true,"href":"https:\/\/zwischenraum-rheydt.de\/index.php\/wp-json\/wp\/v2\/tags?post=862"}],"curies":[{"name":"wp","href":"https:\/\/api.w.org\/{rel}","templated":true}]}}